{"id":37025,"date":"2024-08-31T15:10:50","date_gmt":"2024-08-31T19:10:50","guid":{"rendered":"https:\/\/myla-bella.com\/como-salvar-el-pelo-quemado\/"},"modified":"2024-09-01T12:51:23","modified_gmt":"2024-09-01T16:51:23","slug":"como-salvar-el-pelo-quemado","status":"publish","type":"post","link":"https:\/\/myla-bella.com\/es\/como-salvar-el-pelo-quemado","title":{"rendered":"\u00bfC\u00f3mo salvar el pelo quemado?"},"content":{"rendered":"\t\t<div data-elementor-type=\"wp-post\" data-elementor-id=\"37025\" class=\"elementor elementor-37025 elementor-21752\" data-elementor-post-type=\"post\">\n\t\t\t\t\t\t<section class=\"elementor-section elementor-top-section elementor-element elementor-element-2c64ee0e elementor-section-content-middle elementor-section-full_width elementor-section-height-min-height elementor-section-height-default elementor-section-items-middle\" data-id=\"2c64ee0e\" data-element_type=\"section\" data-e-type=\"section\" data-settings=\"{&quot;background_background&quot;:&quot;classic&quot;}\">\n\t\t\t\t\t\t\t<div class=\"elementor-background-overlay\"><\/div>\n\t\t\t\t\t\t\t<div class=\"elementor-container elementor-column-gap-no\">\n\t\t\t\t\t<div class=\"elementor-column elementor-col-100 elementor-top-column elementor-element elementor-element-28f30b0f\" data-id=\"28f30b0f\" data-element_type=\"column\" data-e-type=\"column\" data-settings=\"{&quot;background_background&quot;:&quot;classic&quot;}\">\n\t\t\t<div class=\"elementor-widget-wrap\">\n\t\t\t\t\t\t\t<\/div>\n\t\t<\/div>\n\t\t\t\t\t<\/div>\n\t\t<\/section>\n\t\t\t\t<section class=\"elementor-section elementor-top-section elementor-element elementor-element-2de70d6 elementor-section-boxed elementor-section-height-default elementor-section-height-default\" data-id=\"2de70d6\" data-element_type=\"section\" data-e-type=\"section\">\n\t\t\t\t\t\t<div class=\"elementor-container elementor-column-gap-default\">\n\t\t\t\t\t<div class=\"elementor-column elementor-col-100 elementor-top-column elementor-element elementor-element-9b97c76\" data-id=\"9b97c76\" data-element_type=\"column\" data-e-type=\"column\">\n\t\t\t<div class=\"elementor-widget-wrap elementor-element-populated\">\n\t\t\t\t\t\t<div class=\"elementor-element elementor-element-b8a4ced elementor-widget elementor-widget-spacer\" data-id=\"b8a4ced\" data-element_type=\"widget\" data-e-type=\"widget\" data-widget_type=\"spacer.default\">\n\t\t\t\t<div class=\"elementor-widget-container\">\n\t\t\t\t\t\t\t<div class=\"elementor-spacer\">\n\t\t\t<div class=\"elementor-spacer-inner\"><\/div>\n\t\t<\/div>\n\t\t\t\t\t\t<\/div>\n\t\t\t\t<\/div>\n\t\t\t\t<div class=\"elementor-element elementor-element-559622c elementor-widget elementor-widget-heading\" data-id=\"559622c\" data-element_type=\"widget\" data-e-type=\"widget\" data-widget_type=\"heading.default\">\n\t\t\t\t<div class=\"elementor-widget-container\">\n\t\t\t\t\t<h1 class=\"elementor-heading-title elementor-size-default\">\u00bfC\u00f3mo salvar el pelo quemado?<\/h1>\t\t\t\t<\/div>\n\t\t\t\t<\/div>\n\t\t\t\t\t<\/div>\n\t\t<\/div>\n\t\t\t\t\t<\/div>\n\t\t<\/section>\n\t\t\t\t<section class=\"elementor-section elementor-top-section elementor-element elementor-element-aeb53c1 elementor-section-boxed elementor-section-height-default elementor-section-height-default\" data-id=\"aeb53c1\" data-element_type=\"section\" data-e-type=\"section\" data-settings=\"{&quot;background_background&quot;:&quot;classic&quot;}\">\n\t\t\t\t\t\t<div class=\"elementor-container elementor-column-gap-default\">\n\t\t\t\t\t<div class=\"elementor-column elementor-col-100 elementor-top-column elementor-element elementor-element-e8eeb57\" data-id=\"e8eeb57\" data-element_type=\"column\" data-e-type=\"column\">\n\t\t\t<div class=\"elementor-widget-wrap elementor-element-populated\">\n\t\t\t\t\t\t<div class=\"elementor-element elementor-element-d23a1d2 elementor-widget elementor-widget-shortcode\" data-id=\"d23a1d2\" data-element_type=\"widget\" data-e-type=\"widget\" data-widget_type=\"shortcode.default\">\n\t\t\t\t<div class=\"elementor-widget-container\">\n\t\t\t\t\t\t\t<div class=\"elementor-shortcode\">\t\t<div data-elementor-type=\"section\" data-elementor-id=\"34805\" class=\"elementor elementor-34805 elementor-16907\" data-elementor-post-type=\"elementor_library\">\n\t\t\t\t\t<section class=\"elementor-section elementor-top-section elementor-element elementor-element-201ed703 elementor-section-boxed elementor-section-height-default elementor-section-height-default\" data-id=\"201ed703\" data-element_type=\"section\" data-e-type=\"section\">\n\t\t\t\t\t\t<div class=\"elementor-container elementor-column-gap-default\">\n\t\t\t\t\t<div class=\"elementor-column elementor-col-100 elementor-top-column elementor-element elementor-element-1ec838a3\" data-id=\"1ec838a3\" data-element_type=\"column\" data-e-type=\"column\">\n\t\t\t<div class=\"elementor-widget-wrap elementor-element-populated\">\n\t\t\t\t\t\t<div class=\"elementor-element elementor-element-21057e58 elementor-widget elementor-widget-spacer\" data-id=\"21057e58\" data-element_type=\"widget\" data-e-type=\"widget\" data-widget_type=\"spacer.default\">\n\t\t\t\t<div class=\"elementor-widget-container\">\n\t\t\t\t\t\t\t<div class=\"elementor-spacer\">\n\t\t\t<div class=\"elementor-spacer-inner\"><\/div>\n\t\t<\/div>\n\t\t\t\t\t\t<\/div>\n\t\t\t\t<\/div>\n\t\t\t\t\t<\/div>\n\t\t<\/div>\n\t\t\t\t\t<\/div>\n\t\t<\/section>\n\t\t\t\t<section class=\"elementor-section elementor-top-section elementor-element elementor-element-fb72605 elementor-section-boxed elementor-section-height-default elementor-section-height-default\" data-id=\"fb72605\" data-element_type=\"section\" data-e-type=\"section\">\n\t\t\t\t\t\t<div class=\"elementor-container elementor-column-gap-default\">\n\t\t\t\t\t<div class=\"elementor-column elementor-col-100 elementor-top-column elementor-element elementor-element-36066e64\" data-id=\"36066e64\" data-element_type=\"column\" data-e-type=\"column\">\n\t\t\t<div class=\"elementor-widget-wrap elementor-element-populated\">\n\t\t\t\t\t\t<div class=\"elementor-element elementor-element-61f763b5 elementor-share-buttons--shape-rounded elementor-grid-2 e-transform e-transform elementor-share-buttons--view-icon-text elementor-share-buttons--skin-gradient elementor-share-buttons--color-official elementor-widget elementor-widget-share-buttons\" data-id=\"61f763b5\" data-element_type=\"widget\" data-e-type=\"widget\" data-settings=\"{&quot;_transform_translateX_effect_hover&quot;:{&quot;unit&quot;:&quot;px&quot;,&quot;size&quot;:7,&quot;sizes&quot;:[]},&quot;_transform_rotateZ_effect_hover&quot;:{&quot;unit&quot;:&quot;px&quot;,&quot;size&quot;:&quot;&quot;,&quot;sizes&quot;:[]},&quot;_transform_rotateZ_effect_hover_tablet&quot;:{&quot;unit&quot;:&quot;deg&quot;,&quot;size&quot;:&quot;&quot;,&quot;sizes&quot;:[]},&quot;_transform_rotateZ_effect_hover_mobile&quot;:{&quot;unit&quot;:&quot;deg&quot;,&quot;size&quot;:&quot;&quot;,&quot;sizes&quot;:[]},&quot;_transform_translateX_effect_hover_tablet&quot;:{&quot;unit&quot;:&quot;px&quot;,&quot;size&quot;:&quot;&quot;,&quot;sizes&quot;:[]},&quot;_transform_translateX_effect_hover_mobile&quot;:{&quot;unit&quot;:&quot;px&quot;,&quot;size&quot;:&quot;&quot;,&quot;sizes&quot;:[]},&quot;_transform_translateY_effect_hover&quot;:{&quot;unit&quot;:&quot;px&quot;,&quot;size&quot;:&quot;&quot;,&quot;sizes&quot;:[]},&quot;_transform_translateY_effect_hover_tablet&quot;:{&quot;unit&quot;:&quot;px&quot;,&quot;size&quot;:&quot;&quot;,&quot;sizes&quot;:[]},&quot;_transform_translateY_effect_hover_mobile&quot;:{&quot;unit&quot;:&quot;px&quot;,&quot;size&quot;:&quot;&quot;,&quot;sizes&quot;:[]}}\" data-widget_type=\"share-buttons.default\">\n\t\t\t\t<div class=\"elementor-widget-container\">\n\t\t\t\t\t\t\t<div class=\"elementor-grid\" role=\"list\">\n\t\t\t\t\t\t\t\t<div class=\"elementor-grid-item\" role=\"listitem\">\n\t\t\t\t\t\t<div class=\"elementor-share-btn elementor-share-btn_facebook\" role=\"button\" tabindex=\"0\" aria-label=\"Compartir en facebook\">\n\t\t\t\t\t\t\t\t\t\t\t\t\t\t\t<span class=\"elementor-share-btn__icon\">\n\t\t\t\t\t\t\t\t<svg aria-hidden=\"true\" class=\"e-font-icon-svg e-fab-facebook\" viewBox=\"0 0 512 512\" xmlns=\"http:\/\/www.w3.org\/2000\/svg\"><path d=\"M504 256C504 119 393 8 256 8S8 119 8 256c0 123.78 90.69 226.38 209.25 245V327.69h-63V256h63v-54.64c0-62.15 37-96.48 93.67-96.48 27.14 0 55.52 4.84 55.52 4.84v61h-31.28c-30.8 0-40.41 19.12-40.41 38.73V256h68.78l-11 71.69h-57.78V501C413.31 482.38 504 379.78 504 256z\"><\/path><\/svg>\t\t\t\t\t\t\t<\/span>\n\t\t\t\t\t\t\t\t\t\t\t\t\t\t\t\t\t\t\t\t\t\t<div class=\"elementor-share-btn__text\">\n\t\t\t\t\t\t\t\t\t\t\t\t\t\t\t\t\t\t\t<span class=\"elementor-share-btn__title\">\n\t\t\t\t\t\t\t\t\t\tFacebook\t\t\t\t\t\t\t\t\t<\/span>\n\t\t\t\t\t\t\t\t\t\t\t\t\t\t\t\t\t<\/div>\n\t\t\t\t\t\t\t\t\t\t\t\t\t<\/div>\n\t\t\t\t\t<\/div>\n\t\t\t\t\t\t\t\t\t<div class=\"elementor-grid-item\" role=\"listitem\">\n\t\t\t\t\t\t<div class=\"elementor-share-btn elementor-share-btn_twitter\" role=\"button\" tabindex=\"0\" aria-label=\"Compartir en twitter\">\n\t\t\t\t\t\t\t\t\t\t\t\t\t\t\t<span class=\"elementor-share-btn__icon\">\n\t\t\t\t\t\t\t\t<svg aria-hidden=\"true\" class=\"e-font-icon-svg e-fab-twitter\" viewBox=\"0 0 512 512\" xmlns=\"http:\/\/www.w3.org\/2000\/svg\"><path d=\"M459.37 151.716c.325 4.548.325 9.097.325 13.645 0 138.72-105.583 298.558-298.558 298.558-59.452 0-114.68-17.219-161.137-47.106 8.447.974 16.568 1.299 25.34 1.299 49.055 0 94.213-16.568 130.274-44.832-46.132-.975-84.792-31.188-98.112-72.772 6.498.974 12.995 1.624 19.818 1.624 9.421 0 18.843-1.3 27.614-3.573-48.081-9.747-84.143-51.98-84.143-102.985v-1.299c13.969 7.797 30.214 12.67 47.431 13.319-28.264-18.843-46.781-51.005-46.781-87.391 0-19.492 5.197-37.36 14.294-52.954 51.655 63.675 129.3 105.258 216.365 109.807-1.624-7.797-2.599-15.918-2.599-24.04 0-57.828 46.782-104.934 104.934-104.934 30.213 0 57.502 12.67 76.67 33.137 23.715-4.548 46.456-13.32 66.599-25.34-7.798 24.366-24.366 44.833-46.132 57.827 21.117-2.273 41.584-8.122 60.426-16.243-14.292 20.791-32.161 39.308-52.628 54.253z\"><\/path><\/svg>\t\t\t\t\t\t\t<\/span>\n\t\t\t\t\t\t\t\t\t\t\t\t\t\t\t\t\t\t\t\t\t\t<div class=\"elementor-share-btn__text\">\n\t\t\t\t\t\t\t\t\t\t\t\t\t\t\t\t\t\t\t<span class=\"elementor-share-btn__title\">\n\t\t\t\t\t\t\t\t\t\tTwitter\t\t\t\t\t\t\t\t\t<\/span>\n\t\t\t\t\t\t\t\t\t\t\t\t\t\t\t\t\t<\/div>\n\t\t\t\t\t\t\t\t\t\t\t\t\t<\/div>\n\t\t\t\t\t<\/div>\n\t\t\t\t\t\t\t\t\t<div class=\"elementor-grid-item\" role=\"listitem\">\n\t\t\t\t\t\t<div class=\"elementor-share-btn elementor-share-btn_linkedin\" role=\"button\" tabindex=\"0\" aria-label=\"Compartir en linkedin\">\n\t\t\t\t\t\t\t\t\t\t\t\t\t\t\t<span class=\"elementor-share-btn__icon\">\n\t\t\t\t\t\t\t\t<svg aria-hidden=\"true\" class=\"e-font-icon-svg e-fab-linkedin\" viewBox=\"0 0 448 512\" xmlns=\"http:\/\/www.w3.org\/2000\/svg\"><path d=\"M416 32H31.9C14.3 32 0 46.5 0 64.3v383.4C0 465.5 14.3 480 31.9 480H416c17.6 0 32-14.5 32-32.3V64.3c0-17.8-14.4-32.3-32-32.3zM135.4 416H69V202.2h66.5V416zm-33.2-243c-21.3 0-38.5-17.3-38.5-38.5S80.9 96 102.2 96c21.2 0 38.5 17.3 38.5 38.5 0 21.3-17.2 38.5-38.5 38.5zm282.1 243h-66.4V312c0-24.8-.5-56.7-34.5-56.7-34.6 0-39.9 27-39.9 54.9V416h-66.4V202.2h63.7v29.2h.9c8.9-16.8 30.6-34.5 62.9-34.5 67.2 0 79.7 44.3 79.7 101.9V416z\"><\/path><\/svg>\t\t\t\t\t\t\t<\/span>\n\t\t\t\t\t\t\t\t\t\t\t\t\t\t\t\t\t\t\t\t\t\t<div class=\"elementor-share-btn__text\">\n\t\t\t\t\t\t\t\t\t\t\t\t\t\t\t\t\t\t\t<span class=\"elementor-share-btn__title\">\n\t\t\t\t\t\t\t\t\t\tLinkedIn\t\t\t\t\t\t\t\t\t<\/span>\n\t\t\t\t\t\t\t\t\t\t\t\t\t\t\t\t\t<\/div>\n\t\t\t\t\t\t\t\t\t\t\t\t\t<\/div>\n\t\t\t\t\t<\/div>\n\t\t\t\t\t\t\t\t\t<div class=\"elementor-grid-item\" role=\"listitem\">\n\t\t\t\t\t\t<div class=\"elementor-share-btn elementor-share-btn_email\" role=\"button\" tabindex=\"0\" aria-label=\"Compartir en email\">\n\t\t\t\t\t\t\t\t\t\t\t\t\t\t\t<span class=\"elementor-share-btn__icon\">\n\t\t\t\t\t\t\t\t<svg aria-hidden=\"true\" class=\"e-font-icon-svg e-fas-envelope\" viewBox=\"0 0 512 512\" xmlns=\"http:\/\/www.w3.org\/2000\/svg\"><path d=\"M502.3 190.8c3.9-3.1 9.7-.2 9.7 4.7V400c0 26.5-21.5 48-48 48H48c-26.5 0-48-21.5-48-48V195.6c0-5 5.7-7.8 9.7-4.7 22.4 17.4 52.1 39.5 154.1 113.6 21.1 15.4 56.7 47.8 92.2 47.6 35.7.3 72-32.8 92.3-47.6 102-74.1 131.6-96.3 154-113.7zM256 320c23.2.4 56.6-29.2 73.4-41.4 132.7-96.3 142.8-104.7 173.4-128.7 5.8-4.5 9.2-11.5 9.2-18.9v-19c0-26.5-21.5-48-48-48H48C21.5 64 0 85.5 0 112v19c0 7.4 3.4 14.3 9.2 18.9 30.6 23.9 40.7 32.4 173.4 128.7 16.8 12.2 50.2 41.8 73.4 41.4z\"><\/path><\/svg>\t\t\t\t\t\t\t<\/span>\n\t\t\t\t\t\t\t\t\t\t\t\t\t\t\t\t\t\t\t\t\t\t<div class=\"elementor-share-btn__text\">\n\t\t\t\t\t\t\t\t\t\t\t\t\t\t\t\t\t\t\t<span class=\"elementor-share-btn__title\">\n\t\t\t\t\t\t\t\t\t\tCorreo electr\u00f3nico\t\t\t\t\t\t\t\t\t<\/span>\n\t\t\t\t\t\t\t\t\t\t\t\t\t\t\t\t\t<\/div>\n\t\t\t\t\t\t\t\t\t\t\t\t\t<\/div>\n\t\t\t\t\t<\/div>\n\t\t\t\t\t\t<\/div>\n\t\t\t\t\t\t<\/div>\n\t\t\t\t<\/div>\n\t\t\t\t\t<\/div>\n\t\t<\/div>\n\t\t\t\t\t<\/div>\n\t\t<\/section>\n\t\t\t\t<\/div>\n\t\t<\/div>\n\t\t\t\t\t\t<\/div>\n\t\t\t\t<\/div>\n\t\t\t\t\t<\/div>\n\t\t<\/div>\n\t\t\t\t\t<\/div>\n\t\t<\/section>\n\t\t\t\t<section class=\"elementor-section elementor-top-section elementor-element elementor-element-cfa6f64 elementor-section-boxed elementor-section-height-default elementor-section-height-default\" data-id=\"cfa6f64\" data-element_type=\"section\" data-e-type=\"section\">\n\t\t\t\t\t\t<div class=\"elementor-container elementor-column-gap-default\">\n\t\t\t\t\t<div class=\"elementor-column elementor-col-33 elementor-top-column elementor-element elementor-element-c30ba9b\" data-id=\"c30ba9b\" data-element_type=\"column\" data-e-type=\"column\">\n\t\t\t<div class=\"elementor-widget-wrap elementor-element-populated\">\n\t\t\t\t\t\t<div class=\"elementor-element elementor-element-c5e1db9 elementor-widget elementor-widget-counter\" data-id=\"c5e1db9\" data-element_type=\"widget\" data-e-type=\"widget\" data-widget_type=\"counter.default\">\n\t\t\t\t<div class=\"elementor-widget-container\">\n\t\t\t\t\t\t\t<div class=\"elementor-counter\">\n\t\t\t<div class=\"elementor-counter-title\">Tiempo de lectura<\/div>\t\t\t<div class=\"elementor-counter-number-wrapper\">\n\t\t\t\t<span class=\"elementor-counter-number-prefix\"><\/span>\n\t\t\t\t<span class=\"elementor-counter-number\" data-duration=\"4000\" data-to-value=\"14\" data-from-value=\"0\" data-delimiter=\",\">0<\/span>\n\t\t\t\t<span class=\"elementor-counter-number-suffix\">  minutos<\/span>\n\t\t\t<\/div>\n\t\t<\/div>\n\t\t\t\t\t\t<\/div>\n\t\t\t\t<\/div>\n\t\t\t\t\t<\/div>\n\t\t<\/div>\n\t\t\t\t<div class=\"elementor-column elementor-col-33 elementor-top-column elementor-element elementor-element-0cd60a1\" data-id=\"0cd60a1\" data-element_type=\"column\" data-e-type=\"column\">\n\t\t\t<div class=\"elementor-widget-wrap\">\n\t\t\t\t\t\t\t<\/div>\n\t\t<\/div>\n\t\t\t\t<div class=\"elementor-column elementor-col-33 elementor-top-column elementor-element elementor-element-98f88aa\" data-id=\"98f88aa\" data-element_type=\"column\" data-e-type=\"column\">\n\t\t\t<div class=\"elementor-widget-wrap\">\n\t\t\t\t\t\t\t<\/div>\n\t\t<\/div>\n\t\t\t\t\t<\/div>\n\t\t<\/section>\n\t\t\t\t<section class=\"elementor-section elementor-top-section elementor-element elementor-element-5206e1d elementor-section-boxed elementor-section-height-default elementor-section-height-default\" data-id=\"5206e1d\" data-element_type=\"section\" data-e-type=\"section\" data-settings=\"{&quot;background_background&quot;:&quot;classic&quot;}\">\n\t\t\t\t\t\t<div class=\"elementor-container elementor-column-gap-default\">\n\t\t\t\t\t<div class=\"elementor-column elementor-col-100 elementor-top-column elementor-element elementor-element-ac183d7\" data-id=\"ac183d7\" data-element_type=\"column\" data-e-type=\"column\">\n\t\t\t<div class=\"elementor-widget-wrap elementor-element-populated\">\n\t\t\t\t\t\t<div class=\"elementor-element elementor-element-f363e61 elementor-widget elementor-widget-shortcode\" data-id=\"f363e61\" data-element_type=\"widget\" data-e-type=\"widget\" data-widget_type=\"shortcode.default\">\n\t\t\t\t<div class=\"elementor-widget-container\">\n\t\t\t\t\t\t\t<div class=\"elementor-shortcode\">\t\t<div data-elementor-type=\"section\" data-elementor-id=\"34936\" class=\"elementor elementor-34936 elementor-14398\" data-elementor-post-type=\"elementor_library\">\n\t\t\t\t\t<section class=\"elementor-section elementor-top-section elementor-element elementor-element-4dc5515 elementor-section-boxed elementor-section-height-default elementor-section-height-default\" data-id=\"4dc5515\" data-element_type=\"section\" data-e-type=\"section\">\n\t\t\t\t\t\t<div class=\"elementor-container elementor-column-gap-default\">\n\t\t\t\t\t<div class=\"elementor-column elementor-col-33 elementor-top-column elementor-element elementor-element-b2067d5\" data-id=\"b2067d5\" data-element_type=\"column\" data-e-type=\"column\">\n\t\t\t<div class=\"elementor-widget-wrap elementor-element-populated\">\n\t\t\t\t\t\t<div class=\"elementor-element elementor-element-679a1d9 elementor-widget elementor-widget-author-box\" data-id=\"679a1d9\" data-element_type=\"widget\" data-e-type=\"widget\" data-widget_type=\"author-box.default\">\n\t\t\t\t<div class=\"elementor-widget-container\">\n\t\t\t\t\t\t\t<div class=\"elementor-author-box\">\n\t\t\t\t\t\t\t<a href=\"https:\/\/myla-bella.com\/es\/la-historia-de-myla-bella\" target=\"_blank\" class=\"elementor-author-box__avatar\">\n\t\t\t\t\t<img decoding=\"async\" src=\"https:\/\/myla-bella.com\/wp-content\/uploads\/2022\/02\/bio-myla.jpg\" alt=\"Picture of Myla Bella\" loading=\"lazy\">\n\t\t\t\t<\/a>\n\t\t\t\n\t\t\t<div class=\"elementor-author-box__text\">\n\t\t\t\t\t\t\t\t\t<a href=\"https:\/\/myla-bella.com\/es\/la-historia-de-myla-bella\" target=\"_blank\">\n\t\t\t\t\t\t<div class=\"elementor-author-box__name\">\n\t\t\t\t\t\t\tMyla Bella\t\t\t\t\t\t<\/div>\n\t\t\t\t\t<\/a>\n\t\t\t\t\n\t\t\t\t\t\t\t\t\t<div class=\"elementor-author-box__bio\">\n\t\t\t\t\t\t<p>Mi pasi\u00f3n: el cabello...<\/p>\n\t\t\t\t\t<\/div>\n\t\t\t\t\n\t\t\t\t\t\t\t<\/div>\n\t\t<\/div>\n\t\t\t\t\t\t<\/div>\n\t\t\t\t<\/div>\n\t\t\t\t\t<\/div>\n\t\t<\/div>\n\t\t\t\t<div class=\"elementor-column elementor-col-33 elementor-top-column elementor-element elementor-element-8386ca3\" data-id=\"8386ca3\" data-element_type=\"column\" data-e-type=\"column\">\n\t\t\t<div class=\"elementor-widget-wrap elementor-element-populated\">\n\t\t\t\t\t\t<div class=\"elementor-element elementor-element-6da787e e-transform e-transform elementor-widget elementor-widget-image\" data-id=\"6da787e\" data-element_type=\"widget\" data-e-type=\"widget\" data-settings=\"{&quot;_transform_scale_effect_hover&quot;:{&quot;unit&quot;:&quot;px&quot;,&quot;size&quot;:1.2,&quot;sizes&quot;:[]},&quot;_transform_translateX_effect_hover&quot;:{&quot;unit&quot;:&quot;px&quot;,&quot;size&quot;:&quot;&quot;,&quot;sizes&quot;:[]},&quot;_transform_translateX_effect_hover_tablet&quot;:{&quot;unit&quot;:&quot;px&quot;,&quot;size&quot;:&quot;&quot;,&quot;sizes&quot;:[]},&quot;_transform_translateX_effect_hover_mobile&quot;:{&quot;unit&quot;:&quot;px&quot;,&quot;size&quot;:&quot;&quot;,&quot;sizes&quot;:[]},&quot;_transform_translateY_effect_hover&quot;:{&quot;unit&quot;:&quot;px&quot;,&quot;size&quot;:&quot;&quot;,&quot;sizes&quot;:[]},&quot;_transform_translateY_effect_hover_tablet&quot;:{&quot;unit&quot;:&quot;px&quot;,&quot;size&quot;:&quot;&quot;,&quot;sizes&quot;:[]},&quot;_transform_translateY_effect_hover_mobile&quot;:{&quot;unit&quot;:&quot;px&quot;,&quot;size&quot;:&quot;&quot;,&quot;sizes&quot;:[]},&quot;_transform_scale_effect_hover_tablet&quot;:{&quot;unit&quot;:&quot;px&quot;,&quot;size&quot;:&quot;&quot;,&quot;sizes&quot;:[]},&quot;_transform_scale_effect_hover_mobile&quot;:{&quot;unit&quot;:&quot;px&quot;,&quot;size&quot;:&quot;&quot;,&quot;sizes&quot;:[]}}\" data-widget_type=\"image.default\">\n\t\t\t\t<div class=\"elementor-widget-container\">\n\t\t\t\t\t\t\t\t\t\t\t\t\t\t\t\t<a href=\"https:\/\/myla-bella.com\/es\/copyscape-y-dmca\" target=\"_blank\">\n\t\t\t\t\t\t\t<img decoding=\"async\" width=\"120\" height=\"38\" src=\"https:\/\/myla-bella.com\/wp-content\/uploads\/2024\/09\/DMCA.png\" class=\"attachment-full size-full wp-image-36162\" alt=\"\">\t\t\t\t\t\t\t\t<\/a>\n\t\t\t\t\t\t\t\t\t\t\t\t\t\t\t<\/div>\n\t\t\t\t<\/div>\n\t\t\t\t<div class=\"elementor-element elementor-element-b4ef2bc elementor-widget elementor-widget-spacer\" data-id=\"b4ef2bc\" data-element_type=\"widget\" data-e-type=\"widget\" data-widget_type=\"spacer.default\">\n\t\t\t\t<div class=\"elementor-widget-container\">\n\t\t\t\t\t\t\t<div class=\"elementor-spacer\">\n\t\t\t<div class=\"elementor-spacer-inner\"><\/div>\n\t\t<\/div>\n\t\t\t\t\t\t<\/div>\n\t\t\t\t<\/div>\n\t\t\t\t\t<\/div>\n\t\t<\/div>\n\t\t\t\t<div class=\"elementor-column elementor-col-33 elementor-top-column elementor-element elementor-element-f14de8c\" data-id=\"f14de8c\" data-element_type=\"column\" data-e-type=\"column\">\n\t\t\t<div class=\"elementor-widget-wrap elementor-element-populated\">\n\t\t\t\t\t\t<div class=\"elementor-element elementor-element-ec78cc9 elementor-align-center elementor-tablet-align-right elementor-mobile-align-justify animated-fast elementor-invisible elementor-widget elementor-widget-button\" data-id=\"ec78cc9\" data-element_type=\"widget\" data-e-type=\"widget\" data-settings=\"{&quot;_animation&quot;:&quot;fadeInRight&quot;}\" data-widget_type=\"button.default\">\n\t\t\t\t<div class=\"elementor-widget-container\">\n\t\t\t\t\t\t\t\t\t<div class=\"elementor-button-wrapper\">\n\t\t\t\t\t<a class=\"elementor-button elementor-button-link elementor-size-xl elementor-animation-buzz-out\" href=\"https:\/\/myla-bella.com\/cta-reserva\" target=\"_blank\">\n\t\t\t\t\t\t<span class=\"elementor-button-content-wrapper\">\n\t\t\t\t\t\t<span class=\"elementor-button-icon\">\n\t\t\t\t<svg aria-hidden=\"true\" class=\"e-font-icon-svg e-far-bell\" viewBox=\"0 0 448 512\" xmlns=\"http:\/\/www.w3.org\/2000\/svg\"><path d=\"M439.39 362.29c-19.32-20.76-55.47-51.99-55.47-154.29 0-77.7-54.48-139.9-127.94-155.16V32c0-17.67-14.32-32-31.98-32s-31.98 14.33-31.98 32v20.84C118.56 68.1 64.08 130.3 64.08 208c0 102.3-36.15 133.53-55.47 154.29-6 6.45-8.66 14.16-8.61 21.71.11 16.4 12.98 32 32.1 32h383.8c19.12 0 32-15.6 32.1-32 .05-7.55-2.61-15.27-8.61-21.71zM67.53 368c21.22-27.97 44.42-74.33 44.53-159.42 0-.2-.06-.38-.06-.58 0-61.86 50.14-112 112-112s112 50.14 112 112c0 .2-.06.38-.06.58.11 85.1 23.31 131.46 44.53 159.42H67.53zM224 512c35.32 0 63.97-28.65 63.97-64H160.03c0 35.35 28.65 64 63.97 64z\"><\/path><\/svg>\t\t\t<\/span>\n\t\t\t\t\t\t\t\t\t<span class=\"elementor-button-text\">  \u00a1Pide cita!<\/span>\n\t\t\t\t\t<\/span>\n\t\t\t\t\t<\/a>\n\t\t\t\t<\/div>\n\t\t\t\t\t\t\t\t<\/div>\n\t\t\t\t<\/div>\n\t\t\t\t\t<\/div>\n\t\t<\/div>\n\t\t\t\t\t<\/div>\n\t\t<\/section>\n\t\t\t\t<\/div>\n\t\t<\/div>\n\t\t\t\t\t\t<\/div>\n\t\t\t\t<\/div>\n\t\t\t\t\t<\/div>\n\t\t<\/div>\n\t\t\t\t\t<\/div>\n\t\t<\/section>\n\t\t\t\t<section class=\"elementor-section elementor-top-section elementor-element elementor-element-75f51d9b elementor-section-boxed elementor-section-height-default elementor-section-height-default\" data-id=\"75f51d9b\" data-element_type=\"section\" data-e-type=\"section\" data-settings=\"{&quot;background_background&quot;:&quot;classic&quot;}\">\n\t\t\t\t\t\t<div class=\"elementor-container elementor-column-gap-default\">\n\t\t\t\t\t<div class=\"elementor-column elementor-col-100 elementor-top-column elementor-element elementor-element-5e60379\" data-id=\"5e60379\" data-element_type=\"column\" data-e-type=\"column\">\n\t\t\t<div class=\"elementor-widget-wrap elementor-element-populated\">\n\t\t\t\t\t\t<div class=\"elementor-element elementor-element-74a42377 elementor-toc--minimized-on-tablet elementor-widget elementor-widget-table-of-contents\" data-id=\"74a42377\" data-element_type=\"widget\" data-e-type=\"widget\" data-settings=\"{&quot;headings_by_tags&quot;:[&quot;h2&quot;,&quot;h3&quot;],&quot;exclude_headings_by_selector&quot;:[],&quot;marker_view&quot;:&quot;numbers&quot;,&quot;no_headings_message&quot;:&quot;No se ha encontrado ning\\u00fan encabezado en esta p\\u00e1gina.&quot;,&quot;minimize_box&quot;:&quot;yes&quot;,&quot;minimized_on&quot;:&quot;tablet&quot;,&quot;hierarchical_view&quot;:&quot;yes&quot;,&quot;min_height&quot;:{&quot;unit&quot;:&quot;px&quot;,&quot;size&quot;:&quot;&quot;,&quot;sizes&quot;:[]},&quot;min_height_tablet&quot;:{&quot;unit&quot;:&quot;px&quot;,&quot;size&quot;:&quot;&quot;,&quot;sizes&quot;:[]},&quot;min_height_mobile&quot;:{&quot;unit&quot;:&quot;px&quot;,&quot;size&quot;:&quot;&quot;,&quot;sizes&quot;:[]}}\" data-widget_type=\"table-of-contents.default\">\n\t\t\t\t<div class=\"elementor-widget-container\">\n\t\t\t\t\t\t\t\t\t<div class=\"elementor-toc__header\">\n\t\t\t\t\t\t<div class=\"elementor-toc__header-title\">\n\t\t\t\t\u00bfC\u00f3mo salvar el pelo quemado?\t\t\t<\/div>\n\t\t\t\t\t\t\t\t\t\t<div class=\"elementor-toc__toggle-button elementor-toc__toggle-button--expand\" role=\"button\" tabindex=\"0\" aria-controls=\"elementor-toc__74a42377\" aria-expanded=\"true\" aria-label=\"Abrir la tabla de contenidos\"><svg aria-hidden=\"true\" class=\"e-font-icon-svg e-fas-angle-double-right\" viewBox=\"0 0 448 512\" xmlns=\"http:\/\/www.w3.org\/2000\/svg\"><path d=\"M224.3 273l-136 136c-9.4 9.4-24.6 9.4-33.9 0l-22.6-22.6c-9.4-9.4-9.4-24.6 0-33.9l96.4-96.4-96.4-96.4c-9.4-9.4-9.4-24.6 0-33.9L54.3 103c9.4-9.4 24.6-9.4 33.9 0l136 136c9.5 9.4 9.5 24.6.1 34zm192-34l-136-136c-9.4-9.4-24.6-9.4-33.9 0l-22.6 22.6c-9.4 9.4-9.4 24.6 0 33.9l96.4 96.4-96.4 96.4c-9.4 9.4-9.4 24.6 0 33.9l22.6 22.6c9.4 9.4 24.6 9.4 33.9 0l136-136c9.4-9.2 9.4-24.4 0-33.8z\"><\/path><\/svg><\/div>\n\t\t\t\t<div class=\"elementor-toc__toggle-button elementor-toc__toggle-button--collapse\" role=\"button\" tabindex=\"0\" aria-controls=\"elementor-toc__74a42377\" aria-expanded=\"true\" aria-label=\"Cerrar la tabla de contenidos\"><svg aria-hidden=\"true\" class=\"e-font-icon-svg e-fas-chevron-up\" viewBox=\"0 0 448 512\" xmlns=\"http:\/\/www.w3.org\/2000\/svg\"><path d=\"M240.971 130.524l194.343 194.343c9.373 9.373 9.373 24.569 0 33.941l-22.667 22.667c-9.357 9.357-24.522 9.375-33.901.04L224 227.495 69.255 381.516c-9.379 9.335-24.544 9.317-33.901-.04l-22.667-22.667c-9.373-9.373-9.373-24.569 0-33.941L207.03 130.525c9.372-9.373 24.568-9.373 33.941-.001z\"><\/path><\/svg><\/div>\n\t\t\t\t\t<\/div>\n\t\t\t\t<div id=\"elementor-toc__74a42377\" class=\"elementor-toc__body\">\n\t\t\t<div class=\"elementor-toc__spinner-container\">\n\t\t\t\t<svg class=\"elementor-toc__spinner eicon-animation-spin e-font-icon-svg e-eicon-loading\" aria-hidden=\"true\" viewBox=\"0 0 1000 1000\" xmlns=\"http:\/\/www.w3.org\/2000\/svg\"><path d=\"M500 975V858C696 858 858 696 858 500S696 142 500 142 142 304 142 500H25C25 237 238 25 500 25S975 237 975 500 763 975 500 975Z\"><\/path><\/svg>\t\t\t<\/div>\n\t\t<\/div>\n\t\t\t\t\t\t<\/div>\n\t\t\t\t<\/div>\n\t\t\t\t<div class=\"elementor-element elementor-element-2a3601b elementor-widget elementor-widget-shortcode\" data-id=\"2a3601b\" data-element_type=\"widget\" data-e-type=\"widget\" data-widget_type=\"shortcode.default\">\n\t\t\t\t<div class=\"elementor-widget-container\">\n\t\t\t\t\t\t\t<div class=\"elementor-shortcode\">\t\t<div data-elementor-type=\"section\" data-elementor-id=\"34813\" class=\"elementor elementor-34813 elementor-14317\" data-elementor-post-type=\"elementor_library\">\n\t\t\t\t\t<section class=\"elementor-section elementor-top-section elementor-element elementor-element-757003f elementor-section-boxed elementor-section-height-default elementor-section-height-default\" data-id=\"757003f\" data-element_type=\"section\" data-e-type=\"section\">\n\t\t\t\t\t\t<div class=\"elementor-container elementor-column-gap-default\">\n\t\t\t\t\t<div class=\"elementor-column elementor-col-100 elementor-top-column elementor-element elementor-element-7b85fc3\" data-id=\"7b85fc3\" data-element_type=\"column\" data-e-type=\"column\">\n\t\t\t<div class=\"elementor-widget-wrap elementor-element-populated\">\n\t\t\t\t\t\t<div class=\"elementor-element elementor-element-18be4f0 animated-slow elementor-cta--layout-image-left elementor-cta--valign-middle elementor-hidden-mobile elementor-cta--skin-classic elementor-animated-content elementor-bg-transform elementor-bg-transform-zoom-in elementor-invisible elementor-widget elementor-widget-call-to-action\" data-id=\"18be4f0\" data-element_type=\"widget\" data-e-type=\"widget\" data-settings=\"{&quot;_animation&quot;:&quot;fadeInRight&quot;,&quot;_animation_delay&quot;:200}\" data-widget_type=\"call-to-action.default\">\n\t\t\t\t<div class=\"elementor-widget-container\">\n\t\t\t\t\t\t\t<div class=\"elementor-cta\">\n\t\t\t\t\t<div class=\"elementor-cta__bg-wrapper\">\n\t\t\t\t<div class=\"elementor-cta__bg elementor-bg\" style=\"background-image: url(https:\/\/myla-bella.com\/wp-content\/uploads\/2022\/02\/cta-prp.jpg);\" role=\"img\" aria-label=\"cta prp\"><\/div>\n\t\t\t\t<div class=\"elementor-cta__bg-overlay\"><\/div>\n\t\t\t<\/div>\n\t\t\t\t\t\t\t<div class=\"elementor-cta__content\">\n\t\t\t\t\n\t\t\t\t\t\t\t\t\t<div class=\"elementor-cta__title elementor-cta__content-item elementor-content-item\">\n\t\t\t\t\t\t\u00a1Deja de perder el pelo!\t\t\t\t\t<\/div>\n\t\t\t\t\n\t\t\t\t\n\t\t\t\t\t\t\t\t\t<div class=\"elementor-cta__button-wrapper elementor-cta__content-item elementor-content-item \">\n\t\t\t\t\t<a class=\"elementor-cta__button elementor-button elementor-size-md\" href=\"https:\/\/myla-bella.com\/es\/cta-prp\" target=\"_blank\">\n\t\t\t\t\t\t\u00bfDime c\u00f3mo?\t\t\t\t\t<\/a>\n\t\t\t\t\t<\/div>\n\t\t\t\t\t\t\t<\/div>\n\t\t\t\t\t\t<\/div>\n\t\t\t\t\t\t<\/div>\n\t\t\t\t<\/div>\n\t\t\t\t\t<\/div>\n\t\t<\/div>\n\t\t\t\t\t<\/div>\n\t\t<\/section>\n\t\t\t\t<section class=\"elementor-section elementor-top-section elementor-element elementor-element-bdee190 elementor-section-boxed elementor-section-height-default elementor-section-height-default\" data-id=\"bdee190\" data-element_type=\"section\" data-e-type=\"section\">\n\t\t\t\t\t\t<div class=\"elementor-container elementor-column-gap-default\">\n\t\t\t\t\t<div class=\"elementor-column elementor-col-100 elementor-top-column elementor-element elementor-element-d169329\" data-id=\"d169329\" data-element_type=\"column\" data-e-type=\"column\">\n\t\t\t<div class=\"elementor-widget-wrap elementor-element-populated\">\n\t\t\t\t\t\t<div class=\"elementor-element elementor-element-d0ed324 animated-slow elementor-cta--layout-image-left elementor-cta--valign-middle elementor-hidden-desktop elementor-hidden-tablet elementor-cta--skin-classic elementor-animated-content elementor-bg-transform elementor-bg-transform-zoom-in elementor-invisible elementor-widget elementor-widget-call-to-action\" data-id=\"d0ed324\" data-element_type=\"widget\" data-e-type=\"widget\" data-settings=\"{&quot;_animation&quot;:&quot;fadeInRight&quot;,&quot;_animation_delay&quot;:200}\" data-widget_type=\"call-to-action.default\">\n\t\t\t\t<div class=\"elementor-widget-container\">\n\t\t\t\t\t\t\t<div class=\"elementor-cta\">\n\t\t\t\t\t\t\t<div class=\"elementor-cta__content\">\n\t\t\t\t\n\t\t\t\t\t\t\t\t\t<div class=\"elementor-cta__title elementor-cta__content-item elementor-content-item\">\n\t\t\t\t\t\t\u00a1Deja de perder el pelo!\t\t\t\t\t<\/div>\n\t\t\t\t\n\t\t\t\t\n\t\t\t\t\t\t\t\t\t<div class=\"elementor-cta__button-wrapper elementor-cta__content-item elementor-content-item \">\n\t\t\t\t\t<a class=\"elementor-cta__button elementor-button elementor-size-md\" href=\"https:\/\/myla-bella.com\/es\/cta-prp\" target=\"_blank\">\n\t\t\t\t\t\t\u00bfDime c\u00f3mo?\t\t\t\t\t<\/a>\n\t\t\t\t\t<\/div>\n\t\t\t\t\t\t\t<\/div>\n\t\t\t\t\t\t<\/div>\n\t\t\t\t\t\t<\/div>\n\t\t\t\t<\/div>\n\t\t\t\t\t<\/div>\n\t\t<\/div>\n\t\t\t\t\t<\/div>\n\t\t<\/section>\n\t\t\t\t<\/div>\n\t\t<\/div>\n\t\t\t\t\t\t<\/div>\n\t\t\t\t<\/div>\n\t\t\t\t<div class=\"elementor-element elementor-element-89728d8 elementor-widget elementor-widget-spacer\" data-id=\"89728d8\" data-element_type=\"widget\" data-e-type=\"widget\" data-widget_type=\"spacer.default\">\n\t\t\t\t<div class=\"elementor-widget-container\">\n\t\t\t\t\t\t\t<div class=\"elementor-spacer\">\n\t\t\t<div class=\"elementor-spacer-inner\"><\/div>\n\t\t<\/div>\n\t\t\t\t\t\t<\/div>\n\t\t\t\t<\/div>\n\t\t\t\t<div class=\"elementor-element elementor-element-62abd8d7 elementor-widget elementor-widget-text-editor\" data-id=\"62abd8d7\" data-element_type=\"widget\" data-e-type=\"widget\" data-widget_type=\"text-editor.default\">\n\t\t\t\t<div class=\"elementor-widget-container\">\n\t\t\t\t\t\t\t\t\t<p>Cada vez m\u00e1s clientes nos dicen que tienen el pelo quemado.<br \/>\n\u00bfSabes por qu\u00e9?<br \/>\nEn la mayor\u00eda de los casos, el pelo quemado se debe a un cuidado inadecuado, al uso de productos cosm\u00e9ticos demasiado irritantes, a un peinado con calor inadecuado o a una oxidaci\u00f3n demasiado frecuente.  <\/p>\n<p><strong>Puedes reconocer el pelo quemado por las hebras:<\/strong><\/p>\n<ul>\n<li>Se rompen f\u00e1cilmente<\/li>\n<li>Parecen diferentes con las puntas m\u00e1s claras<\/li>\n<li>Hacen ruidos desagradables al frotarse<\/li>\n<li>Puntas abiertas<\/li>\n<li>Son aburridos o como el heno<\/li>\n<li>Tacto seco o \u00e1spero<\/li>\n<li>Dif\u00edcil de gestionar<\/li>\n<li>Son muy rizados<\/li>\n<\/ul>\n<p>El pelo quemado pierde su estructura natural y se vuelve cada vez m\u00e1s fr\u00e1gil.<\/p>\n<p><img decoding=\"async\" src=\"https:\/\/myla-bella.com\/wp-content\/uploads\/2022\/02\/coupe-de-cheveux-mi-long.jpg\" alt=\"\"><\/p>\n<h2>Cabello da\u00f1ado: Causas<\/h2>\n<p>El pelo quemado suele estar causado por m\u00e9todos de peinado mal aplicados <strong>que utilizan calor excesivo<\/strong>.<br \/>\nEl pelo puede quemarse con rizadores, secadores o planchas.<br \/>\nEl pelo tambi\u00e9n puede da\u00f1arse por sobreexposici\u00f3n al sol o tras el uso de productos qu\u00edmicos fuertes, como oxidantes o tintes r\u00e1pidos.  <\/p>\n<p>Tras una decoloraci\u00f3n descuidada, el pelo se vuelve quebradizo y se cae.<br \/>\nLa queratinizaci\u00f3n, la decoloraci\u00f3n y la permanente mal hechas tambi\u00e9n pueden quemar el pelo. <strong>Nunca utilices ingredientes de mala calidad en tus mechones<\/strong>.<br \/>\nEn lugar de nutrir y regenerar el cabello, <span style=\"text-decoration: underline;\">estos productos lo da\u00f1an<\/span>.<br \/>\nPara evitar consecuencias desagradables y prevenir da\u00f1os masivos, siempre es aconsejable que los tratamientos capilares los realice un peluquero profesional.   <\/p>\n<h2>\u00bfC\u00f3mo puedes evitar quemarte el pelo?<\/h2>\n<p>Una vez quemado, el pelo queda irreparablemente da\u00f1ado y, por desgracia, nunca volver\u00e1 a tener el aspecto de un pelo sano.<br \/>\nPara evitar que esto ocurra, es buena idea dejar de hacer <strong>tratamientos<\/strong> capilares <strong>qu\u00edmicos<\/strong> en casa o hacerlos con menos frecuencia.<br \/>\nSiempre que quieras oxidar tu pelo o tratarlo con un tinte fuerte, es mejor que <a href=\"https:\/\/myla-bella.com\/es\/reserva-ya-tu-cita\/\">pidas cita<\/a> en un sal\u00f3n de peluquer\u00eda profesional.  <\/p>\n<p>Si te gusta peinarte cuando hace calor, aseg\u00farate de utilizar <strong>productos para el cuidado del cabello que lo protejan<\/strong> de los da\u00f1os causados por el calor y el estr\u00e9s mec\u00e1nico.<br \/>\nLos protectores t\u00e9rmicos suelen presentarse en forma de spray y se aplican en toda la longitud del cabello antes de peinarlo.<br \/>\nCuando te alises o rices el pelo con calor, procura no mantener la pistola de calor en el pelo durante demasiado tiempo.<br \/>\nAseg\u00farate tambi\u00e9n de que el ajuste de calor es regulable, manteni\u00e9ndolo lo m\u00e1s bajo posible para no da\u00f1ar demasiado el pelo.   <\/p>\n<p>Ten en cuenta que ciertos tipos de pelo, <strong>como el fino<\/strong>, son m\u00e1s propensos a quemarse.<br \/>\nAs\u00ed que no te dejes enga\u00f1ar por el hecho de que alguien que conoces se decolore mucho el pelo y siga estando sano.<br \/>\nEn tu caso, una sola decoloraci\u00f3n o un peinado con calor pueden bastar para destruir completamente la estructura capilar.  <\/p>\n<p><img fetchpriority=\"high\" decoding=\"async\" class=\"alignnone wp-image-19753\" src=\"https:\/\/myla-bella.com\/wp-content\/uploads\/2022\/03\/myla-bella-au-quebec-4.jpg\" alt=\"\" width=\"1200\" height=\"675\" srcset=\"https:\/\/myla-bella.com\/wp-content\/uploads\/2022\/03\/myla-bella-au-quebec-4.jpg 1920w, https:\/\/myla-bella.com\/wp-content\/uploads\/2022\/03\/myla-bella-au-quebec-4-728x410.jpg 728w, https:\/\/myla-bella.com\/wp-content\/uploads\/2022\/03\/myla-bella-au-quebec-4-1200x675.jpg 1200w, https:\/\/myla-bella.com\/wp-content\/uploads\/2022\/03\/myla-bella-au-quebec-4-300x169.jpg 300w, https:\/\/myla-bella.com\/wp-content\/uploads\/2022\/03\/myla-bella-au-quebec-4-1024x576.jpg 1024w, https:\/\/myla-bella.com\/wp-content\/uploads\/2022\/03\/myla-bella-au-quebec-4-768x432.jpg 768w, https:\/\/myla-bella.com\/wp-content\/uploads\/2022\/03\/myla-bella-au-quebec-4-1536x864.jpg 1536w\" sizes=\"(max-width: 1200px) 100vw, 1200px\" \/><\/p>\n<h2>\u00bfC\u00f3mo salvar el pelo quemado?<\/h2>\n<p>El pelo quemado est\u00e1 <strong>permanentemente da\u00f1ado y, por tanto, es muy dif\u00edcil de salvar<\/strong>.<br \/>\nSin embargo, no es imposible.<br \/>\nPuedes luchar por tu pelo cortando el pelo da\u00f1ado y ayudando al pelo restante a <strong><a href=\"https:\/\/myla-bella.com\/wp-content\/uploads\/2022\/04\/cheveux-qui-poussent.jpg\">vuelva a crecer<\/a><\/strong>.<br \/>\nDependiendo de la gravedad del da\u00f1o, el pelo quemado puede tratarse profesionalmente o en casa.   <\/p>\n<ul>\n<li><strong>\u00bfQu\u00e9 puedo hacer con el pelo da\u00f1ado?<br \/>\n\u00bfC\u00f3mo puedes ayudar a tu cabello?<br \/>\nHe aqu\u00ed algunas formas eficaces.  <\/strong><\/li>\n<\/ul>\n<h2>Remedios caseros para el pelo quemado<\/h2>\n<p>\u00bfQu\u00e9 debo hacer con el pelo da\u00f1ado?<br \/>\nSi tienes el pelo quemado, lo primero que debes hacer es evitar todos los tratamientos qu\u00edmicos y los peinados con calor.<br \/>\nRecorta las puntas abiertas quemadas.<br \/>\nDespu\u00e9s, utiliza aceites especiales Myla Bella ricos en prote\u00ednas para proteger tu cabello de los da\u00f1os.<br \/>\nEl champ\u00fa por s\u00ed solo no basta para regenerar el pelo quemado.    <\/p>\n<p><img decoding=\"async\" class=\"alignnone wp-image-19756\" src=\"https:\/\/myla-bella.com\/wp-content\/uploads\/2022\/03\/myla-bella-au-quebec-7.jpg\" alt=\"\" width=\"1200\" height=\"675\" srcset=\"https:\/\/myla-bella.com\/wp-content\/uploads\/2022\/03\/myla-bella-au-quebec-7.jpg 1920w, https:\/\/myla-bella.com\/wp-content\/uploads\/2022\/03\/myla-bella-au-quebec-7-728x410.jpg 728w, https:\/\/myla-bella.com\/wp-content\/uploads\/2022\/03\/myla-bella-au-quebec-7-1200x675.jpg 1200w, https:\/\/myla-bella.com\/wp-content\/uploads\/2022\/03\/myla-bella-au-quebec-7-300x169.jpg 300w, https:\/\/myla-bella.com\/wp-content\/uploads\/2022\/03\/myla-bella-au-quebec-7-1024x576.jpg 1024w, https:\/\/myla-bella.com\/wp-content\/uploads\/2022\/03\/myla-bella-au-quebec-7-768x432.jpg 768w, https:\/\/myla-bella.com\/wp-content\/uploads\/2022\/03\/myla-bella-au-quebec-7-1536x864.jpg 1536w\" sizes=\"(max-width: 1200px) 100vw, 1200px\" \/><\/p>\n<h2>Sustituye el champ\u00fa por otro y utiliza un acondicionador<\/h2>\n<p>\u00bfC\u00f3mo puedes salvar el pelo quemado y mejorar tu estilo?<br \/>\nCambia tu champ\u00fa por un limpiador suave dise\u00f1ado para ni\u00f1os o un champ\u00fa enriquecido con vitaminas.<br \/>\nInvierte tambi\u00e9n en un acondicionador.<br \/>\nHay acondicionadores fortalecedores para cabello da\u00f1ado y acondicionadores sin aclarado.   <\/p>\n<p>Debe utilizarse regularmente despu\u00e9s de cada lavado para estimular la regeneraci\u00f3n capilar. <a href=\"https:\/\/myla-bella.com\/es\/tratamientos-y-cuidados\/\">Elige productos especializados<\/a>, como cosm\u00e9ticos que contengan vitaminas del grupo B, ricos en prote\u00ednas, pantenol y aceites vegetales.<br \/>\nEs mejor evitar los cosm\u00e9ticos que contengan parabenos. <\/p>\n<h2>Tratamiento con aceite para cabellos quemados<\/h2>\n<p>Tambi\u00e9n existen remedios para regenerar el pelo quemado.<br \/>\nUno de ellos es engrasarte el pelo.   <strong>\u00bfC\u00f3mo puedo ayudar a mi pelo?<\/strong>  Para ello puedes utilizar aceite de ricino.<br \/>\nUn producto que probablemente tengas en tu cocina tambi\u00e9n servir\u00e1: el aceite de oliva. <span style=\"text-decoration: underline;\">El aceite de coco virgen e insaturado<\/span> tambi\u00e9n est\u00e1 disponible en tiendas de alimentaci\u00f3n y farmacias, y tiene muy buenas propiedades para el cuidado.<br \/>\nLos \u00e1cidos grasos contenidos en el aceite penetran en la estructura del pelo, dej\u00e1ndolo profundamente hidratado y nutrido.  <\/p>\n<p>\u00bfC\u00f3mo me aplico el aceite en casa?<br \/>\nApl\u00edcate el aceite en el pelo entre 15 y 30 minutos antes del champ\u00fa.<br \/>\nAplica el producto sobre el cabello ligeramente h\u00famedo y acl\u00e1ralo al cabo de media hora.<br \/>\nRepite este proceso una o dos veces por semana.<br \/>\nUna vez que hayas utilizado un aceite de calidad en tu cabello, \u00a1notar\u00e1s r\u00e1pidamente una mejora en su aspecto!    <\/p>\n<ul>\n<li><a href=\"https:\/\/myla-bella.com\/es\/keravive-cuidado-hidrafacial-para-tu-cuero-cabelludo\/\"><strong>Descubre el tratamiento Hidrafacial Keravive<\/strong><\/a><\/li>\n<\/ul>\n<p><strong>IMPORTANTE: No todos los aceites son adecuados para engrasar.<\/strong> Depende de tu tipo de pelo. <a href=\"https:\/\/myla-bella.com\/es\/como-de-poroso-es-mi-pelo\/\">El pelo poco poroso<\/a> necesita aceite de coco, aceite de babas\u00fa y aceite de ricino.<br \/>\nEl pelo de porosidad media necesita aceites monoinsaturados como el de colza o s\u00e9samo. <\/p>\n<p>Tambi\u00e9n puedes engrasar tu cabello con aceite de oliva virgen extra.<br \/>\nEl pelo muy poroso puede regenerarse con aceite de semilla de uva, de ch\u00eda o de calabaza.<br \/>\nEl aceite de linaza tambi\u00e9n hidrata el pelo muy poroso.<br \/>\nEstos productos son ricos en \u00e1cidos grasos poliinsaturados, ideales para este tipo de cabello.   <\/p>\n<p><img loading=\"lazy\" decoding=\"async\" class=\"alignnone wp-image-15140\" src=\"https:\/\/myla-bella.com\/wp-content\/uploads\/2022\/02\/rajeunissent-coiffure-coupe-de-cheveux-femme-50-ans.jpg\" alt=\"\" width=\"1200\" height=\"800\" srcset=\"https:\/\/myla-bella.com\/wp-content\/uploads\/2022\/02\/rajeunissent-coiffure-coupe-de-cheveux-femme-50-ans.jpg 1920w, https:\/\/myla-bella.com\/wp-content\/uploads\/2022\/02\/rajeunissent-coiffure-coupe-de-cheveux-femme-50-ans-728x485.jpg 728w, https:\/\/myla-bella.com\/wp-content\/uploads\/2022\/02\/rajeunissent-coiffure-coupe-de-cheveux-femme-50-ans-1200x800.jpg 1200w, https:\/\/myla-bella.com\/wp-content\/uploads\/2022\/02\/rajeunissent-coiffure-coupe-de-cheveux-femme-50-ans-300x200.jpg 300w, https:\/\/myla-bella.com\/wp-content\/uploads\/2022\/02\/rajeunissent-coiffure-coupe-de-cheveux-femme-50-ans-1024x683.jpg 1024w, https:\/\/myla-bella.com\/wp-content\/uploads\/2022\/02\/rajeunissent-coiffure-coupe-de-cheveux-femme-50-ans-768x512.jpg 768w, https:\/\/myla-bella.com\/wp-content\/uploads\/2022\/02\/rajeunissent-coiffure-coupe-de-cheveux-femme-50-ans-1536x1024.jpg 1536w\" sizes=\"(max-width: 1200px) 100vw, 1200px\" \/><\/p>\n<h2>Remedios de la abuela: levadura y hierbas arom\u00e1ticas<\/h2>\n<p>Otro remedio casero para el pelo quemado es el uso de levadura, por ejemplo, en forma de soluci\u00f3n disuelta o comprimidos.<br \/>\nEl consumo de levadura tambi\u00e9n se recomienda a quienes sufren encanecimiento prematuro del cabello o quieren estimular su crecimiento.<br \/>\nBeber bebidas de hierbas tiene un efecto beneficioso sobre el pelo y tambi\u00e9n es \u00fatil en los remedios caseros.  <\/p>\n<p>Entre ellas est\u00e1n la ortiga, la bardana y la cola de caballo.<br \/>\nPara preparar una infusi\u00f3n, basta con verter agua caliente \u00abpero no hirviendo (80\u00b0C como m\u00e1ximo)\u00bb sobre la hierba seca y dejarla enfriar.<br \/>\nLuego puedes <a href=\"https:\/\/fr.wikipedia.org\/wiki\/D%C3%A9coction\" target=\"_blank\" rel=\"noopener\">beber la decocci\u00f3n<\/a> o, mejor a\u00fan, aplic\u00e1rtela sobre el cabello y el cuero cabelludo lavados.<br \/>\nEste m\u00e9todo mejorar\u00e1 el estado de tu cabello da\u00f1ado.   <\/p>\n<p><strong>Lee tambi\u00e9n: <a href=\"https:\/\/myla-bella.com\/choisir-fer-friser-pour-cheveux\/\" target=\"_blank\" rel=\"noopener\">Elegir un rizador para mi pelo<\/a><\/strong><\/p>\n<h2>Mascarillas capilares caseras<\/h2>\n<p>\u00bfHay alguna otra forma adem\u00e1s del aceite y las hierbas?<br \/>\nS\u00ed, tambi\u00e9n puedes tratar tu pelo en casa con una mascarilla capilar nutritiva hecha con ingredientes naturales.<br \/>\nPara preparar mascarillas capilares para cabello seco, utiliza productos de tu cocina como miel, zumo de lim\u00f3n o nata: son perfectos para el cuidado del cabello.  <\/p>\n<p>Aplica la mascarilla en toda la longitud del cabello, envu\u00e9lvelo en una toalla o film transparente y d\u00e9jalo actuar entre 15 y 30 minutos.<br \/>\nAclara la mascarilla y lava con champ\u00fa. <\/p>\n<p>Aqu\u00ed tienes algunas ideas de mascarillas nutritivas para el pelo quemado.<br \/>\nPuedes aplicarte mascarillas caseras por todo el pelo o incluso masajearlas en el cuero cabelludo.<br \/>\nPara deshacerte de cualquier residuo tras aplicar la mascarilla, l\u00e1vate la cabeza con un champ\u00fa suave.<br \/>\nTambi\u00e9n puedes proteger tu cabello con un acondicionador.   <\/p>\n<p>\u00bfC\u00f3mo se preparan las mascarillas capilares con yogur y otros productos alimenticios?<br \/>\nMezcla 2 cucharaditas de aceite de oliva \u00abpuedes sustituirlo por aceite\u00bb, un huevo crudo y 3 cucharadas de yogur natural.<br \/>\nApl\u00edcatelo en el pelo de la ra\u00edz a las puntas.<br \/>\nAclara despu\u00e9s de 30 \u00f3 40 minutos y l\u00e1vate el pelo con un champ\u00fa suave para evitar cualquier irritaci\u00f3n.   <\/p>\n<p><img loading=\"lazy\" decoding=\"async\" class=\"alignnone wp-image-15141\" src=\"https:\/\/myla-bella.com\/wp-content\/uploads\/2022\/02\/ruwa-tressant-les-cheveux.jpg\" alt=\"\" width=\"1200\" height=\"864\" srcset=\"https:\/\/myla-bella.com\/wp-content\/uploads\/2022\/02\/ruwa-tressant-les-cheveux.jpg 1920w, https:\/\/myla-bella.com\/wp-content\/uploads\/2022\/02\/ruwa-tressant-les-cheveux-728x524.jpg 728w, https:\/\/myla-bella.com\/wp-content\/uploads\/2022\/02\/ruwa-tressant-les-cheveux-1200x864.jpg 1200w, https:\/\/myla-bella.com\/wp-content\/uploads\/2022\/02\/ruwa-tressant-les-cheveux-300x216.jpg 300w, https:\/\/myla-bella.com\/wp-content\/uploads\/2022\/02\/ruwa-tressant-les-cheveux-1024x737.jpg 1024w, https:\/\/myla-bella.com\/wp-content\/uploads\/2022\/02\/ruwa-tressant-les-cheveux-768x553.jpg 768w, https:\/\/myla-bella.com\/wp-content\/uploads\/2022\/02\/ruwa-tressant-les-cheveux-1536x1106.jpg 1536w\" sizes=\"(max-width: 1200px) 100vw, 1200px\" \/><\/p>\n<h2>Mascarilla capilar con yema de huevo y aceite de oliva<\/h2>\n<p>Para hacer una mascarilla capilar casera, necesitas 2 cucharadas de aceite de oliva y 2 yemas de huevo.<br \/>\nMezcla los ingredientes y, cuando tengas una consistencia espesa, extiende la mezcla sobre tu pelo quemado.<br \/>\nNo olvides las puntas secas.<br \/>\nAl cabo de una hora, aclara la mascarilla de tu cabeza.   <\/p>\n<h2>Mascarilla capilar de pl\u00e1tano y miel<\/h2>\n<p>\u00bfC\u00f3mo se prepara una mascarilla capilar de pl\u00e1tano y miel?<br \/>\nMezcla 3 cucharadas de miel, 3 cucharadas de leche, un huevo crudo y un pl\u00e1tano pelado en una batidora. <\/p>\n<p>Apl\u00edcate la mascarilla en el pelo, de la ra\u00edz a las puntas.<br \/>\nDeja actuar la mezcla de 20 a 30 minutos.<br \/>\nAclara con un champ\u00fa suave.    <span style=\"text-decoration: underline;\">Utiliza la mascarilla una vez a la semana.<\/span><\/p>\n<h2>Mascarilla capilar de huevo<\/h2>\n<p>\u00bfC\u00f3mo hago una mascarilla de huevo?<br \/>\nNo necesitas muchos ingredientes.<br \/>\nCasca dos huevos y separa las yemas de las claras.<br \/>\nBate las claras hasta que est\u00e9n espumosas y s\u00f3lo entonces a\u00f1ade las yemas.<br \/>\nRemueve hasta obtener una consistencia suave.<br \/>\nExtiende la mezcla por todo el pelo y espera 20-30 minutos.<br \/>\nCol\u00f3cate un gorro de pl\u00e1stico o una toalla sobre la cabeza para que el tratamiento sea m\u00e1s eficaz.<br \/>\nAclara con un champ\u00fa suave.       <\/p>\n<h2>Mascarilla capilar de huevo y lim\u00f3n<\/h2>\n<p>Aqu\u00ed tienes otra receta de mascarilla capilar de huevo.<br \/>\nRompe un huevo en un cuenco y a\u00f1ade una cucharada de zumo de lim\u00f3n.<br \/>\nMezcla los ingredientes y apl\u00edcate la mezcla en la cabeza.<br \/>\nMasajea el cuero cabelludo con la mezcla, y luego usa un gorro o una toalla para envolverte el pelo en ella.<br \/>\nEspera de 15 a 20 minutos y l\u00e1vate bien el pelo.<br \/>\nEs aconsejable repetir este proceso cada semana.     <\/p>\n<p><img loading=\"lazy\" decoding=\"async\" class=\"alignnone wp-image-15128\" src=\"https:\/\/myla-bella.com\/wp-content\/uploads\/2022\/02\/coupe-de-cheveux-femme-tendance-court.jpeg\" alt=\"\" width=\"1200\" height=\"800\" srcset=\"https:\/\/myla-bella.com\/wp-content\/uploads\/2022\/02\/coupe-de-cheveux-femme-tendance-court.jpeg 1920w, https:\/\/myla-bella.com\/wp-content\/uploads\/2022\/02\/coupe-de-cheveux-femme-tendance-court-728x485.jpeg 728w, https:\/\/myla-bella.com\/wp-content\/uploads\/2022\/02\/coupe-de-cheveux-femme-tendance-court-1200x800.jpeg 1200w, https:\/\/myla-bella.com\/wp-content\/uploads\/2022\/02\/coupe-de-cheveux-femme-tendance-court-300x200.jpeg 300w, https:\/\/myla-bella.com\/wp-content\/uploads\/2022\/02\/coupe-de-cheveux-femme-tendance-court-1024x683.jpeg 1024w, https:\/\/myla-bella.com\/wp-content\/uploads\/2022\/02\/coupe-de-cheveux-femme-tendance-court-768x512.jpeg 768w, https:\/\/myla-bella.com\/wp-content\/uploads\/2022\/02\/coupe-de-cheveux-femme-tendance-court-1536x1024.jpeg 1536w\" sizes=\"(max-width: 1200px) 100vw, 1200px\" \/><\/p>\n<h2>Laminaci\u00f3n artesanal del cabello con gelatina<\/h2>\n<p><strong>IMPORTANTE: Ten mucho cuidado al plastificar en casa. <span style=\"text-decoration: underline;\">Si no est\u00e1s seguro<\/span>, es mejor que te plastifiques <a href=\"https:\/\/myla-bella.com\/ouvrir-son-salon-de-coiffure\/\">en una peluquer\u00eda<\/a>.<\/strong><\/p>\n<p>Otro remedio casero para el pelo quemado es laminar el pelo con gelatina.<br \/>\nEste tratamiento est\u00e1 pensado para alisar el pelo, nutrirlo y suavizarlo.<br \/>\nPara hacer el laminado, mezcla un vaso de agua caliente con 4 cucharaditas de gelatina.<br \/>\nRemueve hasta que se disuelva la gelatina, luego a\u00f1ade una cucharadita de aceite y media cucharadita de zumo de lim\u00f3n.<br \/>\nExtiende el brebaje sobre el pelo quemado y, a continuaci\u00f3n, coloca film transparente o una toalla encima.<br \/>\nCalienta el pelo con un secador y espera de 10 a 15 minutos.<br \/>\nAclara la mezcla y l\u00e1vate el pelo con un champ\u00fa suave.      <\/p>\n<p><strong>Ver tambi\u00e9n: <a href=\"https:\/\/myla-bella.com\/finasteride-effets-secondaires-femme-homme\/\" target=\"_blank\" rel=\"noopener\">efectos secundarios de la finasterida en mujeres y hombres<\/a><\/strong><\/p>\n<h2>\u00bfC\u00f3mo puedo tratar el pelo quemado?<\/h2>\n<p><a href=\"https:\/\/www.marieclaire.fr\/reparer-cheveux-crames-brules,1337751.asp\" target=\"_blank\" rel=\"nofollow noopener\">El pelo quemado<\/a> debe tratarse con suavidad.<br \/>\nPara devolver el pelo a su estado original lo antes posible, limita el n\u00famero de veces que te lo lavas. Si sol\u00edas lavarte el pelo todos los d\u00edas, l\u00e1vatelo una vez cada 2 \u00f3 3 d\u00edas.<br \/>\nEs aconsejable no utilizar secador, plancha ni rizador durante el periodo de recuperaci\u00f3n.<br \/>\nSi tienes que peinarte, utiliza rulos tradicionales o un secador de aire fr\u00edo e ionizaci\u00f3n.   <\/p>\n<h3>Cuidar tu pelo quemado implica<\/h3>\n<ul>\n<li>Utiliza los productos cosm\u00e9ticos adecuados, acondicionadores, mascarillas regeneradoras, etc.<\/li>\n<li>Utiliza tintes suaves o evita te\u00f1irte el pelo durante un tiempo<\/li>\n<li>Evita la exposici\u00f3n excesiva al sol Lleva un sombrero de paja u otro elemento que cubra la cabeza en verano<\/li>\n<\/ul>\n<p><strong>\u00bfQu\u00e9 m\u00e1s puedes hacer?<\/strong>  Evita situaciones que puedan causar da\u00f1os mec\u00e1nicos a tu cabello, como dormir con el pelo abierto.<br \/>\nRec\u00f3gete el pelo en una trenza o coleta por la noche para evitar que <a href=\"https:\/\/myla-bella.com\/es\/por-que-dormir-sobre-una-funda-de-almohada-de-seda\/\">roce con la almohada<\/a>.<br \/>\nInvierte en un cepillo de cerdas naturales (como un cepillo de jabal\u00ed) y \u00fasalo para peinarte con frecuencia.  <\/p>\n\t\t\t\t\t\t\t\t<\/div>\n\t\t\t\t<\/div>\n\t\t\t\t\t<\/div>\n\t\t<\/div>\n\t\t\t\t\t<\/div>\n\t\t<\/section>\n\t\t\t\t<section class=\"elementor-section elementor-top-section elementor-element elementor-element-5af9810 elementor-section-boxed elementor-section-height-default elementor-section-height-default\" data-id=\"5af9810\" data-element_type=\"section\" data-e-type=\"section\" data-settings=\"{&quot;background_background&quot;:&quot;classic&quot;}\">\n\t\t\t\t\t\t<div class=\"elementor-container elementor-column-gap-default\">\n\t\t\t\t\t<div class=\"elementor-column elementor-col-100 elementor-top-column elementor-element elementor-element-3ee8cde\" data-id=\"3ee8cde\" data-element_type=\"column\" data-e-type=\"column\">\n\t\t\t<div class=\"elementor-widget-wrap elementor-element-populated\">\n\t\t\t\t\t\t<div class=\"elementor-element elementor-element-cb8339b elementor-widget elementor-widget-shortcode\" data-id=\"cb8339b\" data-element_type=\"widget\" data-e-type=\"widget\" data-widget_type=\"shortcode.default\">\n\t\t\t\t<div class=\"elementor-widget-container\">\n\t\t\t\t\t\t\t<div class=\"elementor-shortcode\">\t\t<div data-elementor-type=\"section\" data-elementor-id=\"34817\" class=\"elementor elementor-34817 elementor-14311\" data-elementor-post-type=\"elementor_library\">\n\t\t\t\t\t<section class=\"elementor-section elementor-top-section elementor-element elementor-element-2bb11df elementor-section-boxed elementor-section-height-default elementor-section-height-default\" data-id=\"2bb11df\" data-element_type=\"section\" data-e-type=\"section\">\n\t\t\t\t\t\t<div class=\"elementor-container elementor-column-gap-default\">\n\t\t\t\t\t<div class=\"elementor-column elementor-col-100 elementor-top-column elementor-element elementor-element-06aba49\" data-id=\"06aba49\" data-element_type=\"column\" data-e-type=\"column\">\n\t\t\t<div class=\"elementor-widget-wrap elementor-element-populated\">\n\t\t\t\t\t\t<div class=\"elementor-element elementor-element-ebdeeee elementor-widget-divider--view-line elementor-widget elementor-widget-divider\" data-id=\"ebdeeee\" data-element_type=\"widget\" data-e-type=\"widget\" data-widget_type=\"divider.default\">\n\t\t\t\t<div class=\"elementor-widget-container\">\n\t\t\t\t\t\t\t<div class=\"elementor-divider\">\n\t\t\t<span class=\"elementor-divider-separator\">\n\t\t\t\t\t\t<\/span>\n\t\t<\/div>\n\t\t\t\t\t\t<\/div>\n\t\t\t\t<\/div>\n\t\t\t\t\t<\/div>\n\t\t<\/div>\n\t\t\t\t\t<\/div>\n\t\t<\/section>\n\t\t\t\t<section class=\"elementor-section elementor-top-section elementor-element elementor-element-fae48c2 animated-slow elementor-section-boxed elementor-section-height-default elementor-section-height-default elementor-invisible\" data-id=\"fae48c2\" data-element_type=\"section\" data-e-type=\"section\" data-settings=\"{&quot;animation&quot;:&quot;fadeInRight&quot;}\">\n\t\t\t\t\t\t<div class=\"elementor-container elementor-column-gap-default\">\n\t\t\t\t\t<div class=\"elementor-column elementor-col-100 elementor-top-column elementor-element elementor-element-7207c70\" data-id=\"7207c70\" data-element_type=\"column\" data-e-type=\"column\">\n\t\t\t<div class=\"elementor-widget-wrap elementor-element-populated\">\n\t\t\t\t\t\t<div class=\"elementor-element elementor-element-416b859 animated-slow elementor-invisible elementor-widget elementor-widget-text-editor\" data-id=\"416b859\" data-element_type=\"widget\" data-e-type=\"widget\" data-settings=\"{&quot;_animation&quot;:&quot;fadeInRight&quot;}\" data-widget_type=\"text-editor.default\">\n\t\t\t\t<div class=\"elementor-widget-container\">\n\t\t\t\t\t\t\t\t\t<p>\u00abUno de mis mayores sue\u00f1os es que mi negocio pueda cambiar el curso de la vida <a href=\"https:\/\/myla-bella.com\/wp-content\/uploads\/2022\/03\/portrait-mylabella-organisme-montreal-2.jpg\">de una familia, un ni\u00f1o<\/a> cada vez, <a href=\"https:\/\/myla-bella.com\/es\/haz-un-donativo-a-las-organizaciones-de-saint-michel\" target=\"_blank\" rel=\"noopener\"><strong>retribuyendo a la comunidad<\/strong>\u00ab.<\/a><\/p>\t\t\t\t\t\t\t\t<\/div>\n\t\t\t\t<\/div>\n\t\t\t\t\t<\/div>\n\t\t<\/div>\n\t\t\t\t\t<\/div>\n\t\t<\/section>\n\t\t\t\t<\/div>\n\t\t<\/div>\n\t\t\t\t\t\t<\/div>\n\t\t\t\t<\/div>\n\t\t\t\t\t<\/div>\n\t\t<\/div>\n\t\t\t\t\t<\/div>\n\t\t<\/section>\n\t\t\t\t<section class=\"elementor-section elementor-top-section elementor-element elementor-element-87b9ba7 elementor-section-boxed elementor-section-height-default elementor-section-height-default\" data-id=\"87b9ba7\" data-element_type=\"section\" data-e-type=\"section\" data-settings=\"{&quot;background_background&quot;:&quot;classic&quot;}\">\n\t\t\t\t\t\t<div class=\"elementor-container elementor-column-gap-default\">\n\t\t\t\t\t<div class=\"elementor-column elementor-col-100 elementor-top-column elementor-element elementor-element-aa43376\" data-id=\"aa43376\" data-element_type=\"column\" data-e-type=\"column\">\n\t\t\t<div class=\"elementor-widget-wrap elementor-element-populated\">\n\t\t\t\t\t\t<div class=\"elementor-element elementor-element-922cfc6 elementor-widget elementor-widget-shortcode\" data-id=\"922cfc6\" data-element_type=\"widget\" data-e-type=\"widget\" data-widget_type=\"shortcode.default\">\n\t\t\t\t<div class=\"elementor-widget-container\">\n\t\t\t\t\t\t\t<div class=\"elementor-shortcode\">\t\t<div data-elementor-type=\"section\" data-elementor-id=\"34825\" class=\"elementor elementor-34825 elementor-14161\" data-elementor-post-type=\"elementor_library\">\n\t\t\t\t\t<section class=\"elementor-section elementor-top-section elementor-element elementor-element-13106ef5 elementor-section-content-middle animated-slow elementor-section-boxed elementor-section-height-default elementor-section-height-default elementor-invisible\" data-id=\"13106ef5\" data-element_type=\"section\" data-e-type=\"section\" data-settings=\"{&quot;animation&quot;:&quot;fadeInUp&quot;}\">\n\t\t\t\t\t\t<div class=\"elementor-container elementor-column-gap-default\">\n\t\t\t\t\t<div class=\"elementor-column elementor-col-100 elementor-top-column elementor-element elementor-element-312f43d0\" data-id=\"312f43d0\" data-element_type=\"column\" data-e-type=\"column\" data-settings=\"{&quot;background_background&quot;:&quot;classic&quot;}\">\n\t\t\t<div class=\"elementor-widget-wrap elementor-element-populated\">\n\t\t\t\t\t<div class=\"elementor-background-overlay\"><\/div>\n\t\t\t\t\t\t<div class=\"elementor-element elementor-element-60c6d2a elementor-widget elementor-widget-heading\" data-id=\"60c6d2a\" data-element_type=\"widget\" data-e-type=\"widget\" data-widget_type=\"heading.default\">\n\t\t\t\t<div class=\"elementor-widget-container\">\n\t\t\t\t\t<div class=\"elementor-heading-title elementor-size-xl\">ART\u00cdCULOS SIMILARES<\/div>\t\t\t\t<\/div>\n\t\t\t\t<\/div>\n\t\t\t\t<div class=\"elementor-element elementor-element-e697214 elementor-widget elementor-widget-spacer\" data-id=\"e697214\" data-element_type=\"widget\" data-e-type=\"widget\" data-widget_type=\"spacer.default\">\n\t\t\t\t<div class=\"elementor-widget-container\">\n\t\t\t\t\t\t\t<div class=\"elementor-spacer\">\n\t\t\t<div class=\"elementor-spacer-inner\"><\/div>\n\t\t<\/div>\n\t\t\t\t\t\t<\/div>\n\t\t\t\t<\/div>\n\t\t\t\t<div class=\"elementor-element elementor-element-6d7ba9f8 elementor-grid-3 elementor-grid-tablet-2 elementor-grid-mobile-1 elementor-posts--thumbnail-top elementor-card-shadow-yes elementor-posts__hover-gradient elementor-widget elementor-widget-posts\" data-id=\"6d7ba9f8\" data-element_type=\"widget\" data-e-type=\"widget\" data-settings=\"{&quot;cards_columns&quot;:&quot;3&quot;,&quot;cards_columns_tablet&quot;:&quot;2&quot;,&quot;cards_columns_mobile&quot;:&quot;1&quot;,&quot;cards_row_gap&quot;:{&quot;unit&quot;:&quot;px&quot;,&quot;size&quot;:35,&quot;sizes&quot;:[]},&quot;cards_row_gap_tablet&quot;:{&quot;unit&quot;:&quot;px&quot;,&quot;size&quot;:&quot;&quot;,&quot;sizes&quot;:[]},&quot;cards_row_gap_mobile&quot;:{&quot;unit&quot;:&quot;px&quot;,&quot;size&quot;:&quot;&quot;,&quot;sizes&quot;:[]}}\" data-widget_type=\"posts.cards\">\n\t\t\t\t<div class=\"elementor-widget-container\">\n\t\t\t\t\t\t\t<div class=\"elementor-posts-container elementor-posts elementor-posts--skin-cards elementor-grid\" role=\"list\">\n\t\t\t\t<article class=\"elementor-post elementor-grid-item post-37146 post type-post status-publish format-standard has-post-thumbnail hentry category-enciclopedia-del-cabello generate-columns tablet-grid-50 mobile-grid-100 grid-parent grid-50 no-featured-image-padding\" role=\"listitem\">\n\t\t\t<div class=\"elementor-post__card\">\n\t\t\t\t<a class=\"elementor-post__thumbnail__link\" href=\"https:\/\/myla-bella.com\/es\/extension-de-pelo-rizado-afro-sintetico\" tabindex=\"-1\"><div class=\"elementor-post__thumbnail\"><img loading=\"lazy\" decoding=\"async\" width=\"768\" height=\"554\" src=\"https:\/\/myla-bella.com\/wp-content\/uploads\/2022\/04\/Extension-cheveux-boucles-afro-synthetiques-768x554.jpg\" class=\"attachment-medium_large size-medium_large wp-image-34244\" alt=\"\" srcset=\"https:\/\/myla-bella.com\/wp-content\/uploads\/2022\/04\/Extension-cheveux-boucles-afro-synthetiques-768x554.jpg 768w, https:\/\/myla-bella.com\/wp-content\/uploads\/2022\/04\/Extension-cheveux-boucles-afro-synthetiques-300x216.jpg 300w, https:\/\/myla-bella.com\/wp-content\/uploads\/2022\/04\/Extension-cheveux-boucles-afro-synthetiques-1024x739.jpg 1024w, https:\/\/myla-bella.com\/wp-content\/uploads\/2022\/04\/Extension-cheveux-boucles-afro-synthetiques-1536x1108.jpg 1536w, https:\/\/myla-bella.com\/wp-content\/uploads\/2022\/04\/Extension-cheveux-boucles-afro-synthetiques-728x525.jpg 728w, https:\/\/myla-bella.com\/wp-content\/uploads\/2022\/04\/Extension-cheveux-boucles-afro-synthetiques-1200x866.jpg 1200w, https:\/\/myla-bella.com\/wp-content\/uploads\/2022\/04\/Extension-cheveux-boucles-afro-synthetiques.jpg 1920w\" sizes=\"(max-width: 768px) 100vw, 768px\"><\/div><\/a>\n\t\t\t\t<div class=\"elementor-post__text\">\n\t\t\t\t<div class=\"elementor-post__title\">\n\t\t\t<a href=\"https:\/\/myla-bella.com\/es\/extension-de-pelo-rizado-afro-sintetico\">\n\t\t\t\tExtensi\u00f3n de pelo rizado: Afro sint\u00e9tico\t\t\t<\/a>\n\t\t<\/div>\n\t\t\t\t<\/div>\n\t\t\t\t\t<\/div>\n\t\t<\/article>\n\t\t\t\t<article class=\"elementor-post elementor-grid-item post-37014 post type-post status-publish format-standard has-post-thumbnail hentry category-sin-categorizar generate-columns tablet-grid-50 mobile-grid-100 grid-parent grid-50 no-featured-image-padding\" role=\"listitem\">\n\t\t\t<div class=\"elementor-post__card\">\n\t\t\t\t<a class=\"elementor-post__thumbnail__link\" href=\"https:\/\/myla-bella.com\/es\/por-que-utilizar-una-toalla-de-microfibra-para-el-pelo\" tabindex=\"-1\"><div class=\"elementor-post__thumbnail\"><img loading=\"lazy\" decoding=\"async\" width=\"768\" height=\"512\" src=\"https:\/\/myla-bella.com\/wp-content\/uploads\/2022\/04\/Garde-les-cheveux-en-bonne-sante-768x512.jpg\" class=\"attachment-medium_large size-medium_large wp-image-33636\" alt=\"\" srcset=\"https:\/\/myla-bella.com\/wp-content\/uploads\/2022\/04\/Garde-les-cheveux-en-bonne-sante-768x512.jpg 768w, https:\/\/myla-bella.com\/wp-content\/uploads\/2022\/04\/Garde-les-cheveux-en-bonne-sante-728x485.jpg 728w, https:\/\/myla-bella.com\/wp-content\/uploads\/2022\/04\/Garde-les-cheveux-en-bonne-sante-1200x800.jpg 1200w, https:\/\/myla-bella.com\/wp-content\/uploads\/2022\/04\/Garde-les-cheveux-en-bonne-sante-300x200.jpg 300w, https:\/\/myla-bella.com\/wp-content\/uploads\/2022\/04\/Garde-les-cheveux-en-bonne-sante-1024x683.jpg 1024w, https:\/\/myla-bella.com\/wp-content\/uploads\/2022\/04\/Garde-les-cheveux-en-bonne-sante-1536x1024.jpg 1536w, https:\/\/myla-bella.com\/wp-content\/uploads\/2022\/04\/Garde-les-cheveux-en-bonne-sante.jpg 1920w\" sizes=\"(max-width: 768px) 100vw, 768px\"><\/div><\/a>\n\t\t\t\t<div class=\"elementor-post__text\">\n\t\t\t\t<div class=\"elementor-post__title\">\n\t\t\t<a href=\"https:\/\/myla-bella.com\/es\/por-que-utilizar-una-toalla-de-microfibra-para-el-pelo\">\n\t\t\t\t\u00bfPor qu\u00e9 utilizar una toalla de microfibra para el pelo?\t\t\t<\/a>\n\t\t<\/div>\n\t\t\t\t<\/div>\n\t\t\t\t\t<\/div>\n\t\t<\/article>\n\t\t\t\t<article class=\"elementor-post elementor-grid-item post-37221 post type-post status-publish format-standard has-post-thumbnail hentry category-peinados generate-columns tablet-grid-50 mobile-grid-100 grid-parent grid-50 no-featured-image-padding\" role=\"listitem\">\n\t\t\t<div class=\"elementor-post__card\">\n\t\t\t\t<a class=\"elementor-post__thumbnail__link\" href=\"https:\/\/myla-bella.com\/es\/que-peinados-estaran-de-moda-este-ano\" tabindex=\"-1\"><div class=\"elementor-post__thumbnail\"><img loading=\"lazy\" decoding=\"async\" width=\"768\" height=\"512\" src=\"https:\/\/myla-bella.com\/wp-content\/uploads\/2022\/02\/coiffure-a-la-mode-cette-annee-768x512.jpg\" class=\"attachment-medium_large size-medium_large wp-image-32686\" alt=\"\" srcset=\"https:\/\/myla-bella.com\/wp-content\/uploads\/2022\/02\/coiffure-a-la-mode-cette-annee-768x512.jpg 768w, https:\/\/myla-bella.com\/wp-content\/uploads\/2022\/02\/coiffure-a-la-mode-cette-annee-728x485.jpg 728w, https:\/\/myla-bella.com\/wp-content\/uploads\/2022\/02\/coiffure-a-la-mode-cette-annee-1200x800.jpg 1200w, https:\/\/myla-bella.com\/wp-content\/uploads\/2022\/02\/coiffure-a-la-mode-cette-annee-300x200.jpg 300w, https:\/\/myla-bella.com\/wp-content\/uploads\/2022\/02\/coiffure-a-la-mode-cette-annee-1024x683.jpg 1024w, https:\/\/myla-bella.com\/wp-content\/uploads\/2022\/02\/coiffure-a-la-mode-cette-annee-1536x1024.jpg 1536w, https:\/\/myla-bella.com\/wp-content\/uploads\/2022\/02\/coiffure-a-la-mode-cette-annee.jpg 1920w\" sizes=\"(max-width: 768px) 100vw, 768px\"><\/div><\/a>\n\t\t\t\t<div class=\"elementor-post__text\">\n\t\t\t\t<div class=\"elementor-post__title\">\n\t\t\t<a href=\"https:\/\/myla-bella.com\/es\/que-peinados-estaran-de-moda-este-ano\">\n\t\t\t\t\u00bfQu\u00e9 peinados estar\u00e1n de moda este a\u00f1o?\t\t\t<\/a>\n\t\t<\/div>\n\t\t\t\t<\/div>\n\t\t\t\t\t<\/div>\n\t\t<\/article>\n\t\t\t\t<article class=\"elementor-post elementor-grid-item post-37205 post type-post status-publish format-standard has-post-thumbnail hentry category-sin-categorizar generate-columns tablet-grid-50 mobile-grid-100 grid-parent grid-50 no-featured-image-padding\" role=\"listitem\">\n\t\t\t<div class=\"elementor-post__card\">\n\t\t\t\t<a class=\"elementor-post__thumbnail__link\" href=\"https:\/\/myla-bella.com\/es\/caspa-en-el-pelo\" tabindex=\"-1\"><div class=\"elementor-post__thumbnail\"><img loading=\"lazy\" decoding=\"async\" width=\"768\" height=\"606\" src=\"https:\/\/myla-bella.com\/wp-content\/uploads\/2022\/04\/Quest-ce-qui-peut-aider-a-lutter-contre-les-pellicules-768x606.jpg\" class=\"attachment-medium_large size-medium_large wp-image-33942\" alt=\"\" srcset=\"https:\/\/myla-bella.com\/wp-content\/uploads\/2022\/04\/Quest-ce-qui-peut-aider-a-lutter-contre-les-pellicules-768x606.jpg 768w, https:\/\/myla-bella.com\/wp-content\/uploads\/2022\/04\/Quest-ce-qui-peut-aider-a-lutter-contre-les-pellicules-300x237.jpg 300w, https:\/\/myla-bella.com\/wp-content\/uploads\/2022\/04\/Quest-ce-qui-peut-aider-a-lutter-contre-les-pellicules-1024x809.jpg 1024w, https:\/\/myla-bella.com\/wp-content\/uploads\/2022\/04\/Quest-ce-qui-peut-aider-a-lutter-contre-les-pellicules-1536x1213.jpg 1536w, https:\/\/myla-bella.com\/wp-content\/uploads\/2022\/04\/Quest-ce-qui-peut-aider-a-lutter-contre-les-pellicules-728x575.jpg 728w, https:\/\/myla-bella.com\/wp-content\/uploads\/2022\/04\/Quest-ce-qui-peut-aider-a-lutter-contre-les-pellicules-1200x948.jpg 1200w, https:\/\/myla-bella.com\/wp-content\/uploads\/2022\/04\/Quest-ce-qui-peut-aider-a-lutter-contre-les-pellicules.jpg 1920w\" sizes=\"(max-width: 768px) 100vw, 768px\"><\/div><\/a>\n\t\t\t\t<div class=\"elementor-post__text\">\n\t\t\t\t<div class=\"elementor-post__title\">\n\t\t\t<a href=\"https:\/\/myla-bella.com\/es\/caspa-en-el-pelo\">\n\t\t\t\tCaspa en el pelo\t\t\t<\/a>\n\t\t<\/div>\n\t\t\t\t<\/div>\n\t\t\t\t\t<\/div>\n\t\t<\/article>\n\t\t\t\t<article class=\"elementor-post elementor-grid-item post-36977 post type-post status-publish format-standard has-post-thumbnail hentry category-nuestros-ingredientes-naturales generate-columns tablet-grid-50 mobile-grid-100 grid-parent grid-50 no-featured-image-padding\" role=\"listitem\">\n\t\t\t<div class=\"elementor-post__card\">\n\t\t\t\t<a class=\"elementor-post__thumbnail__link\" href=\"https:\/\/myla-bella.com\/es\/aceite-de-aguacate-para-el-cabello\" tabindex=\"-1\"><div class=\"elementor-post__thumbnail\"><img loading=\"lazy\" decoding=\"async\" width=\"768\" height=\"408\" src=\"https:\/\/myla-bella.com\/wp-content\/uploads\/2022\/03\/huile-avocat-pour-cheveux-768x408.jpg\" class=\"attachment-medium_large size-medium_large wp-image-33220\" alt=\"\" srcset=\"https:\/\/myla-bella.com\/wp-content\/uploads\/2022\/03\/huile-avocat-pour-cheveux-768x408.jpg 768w, https:\/\/myla-bella.com\/wp-content\/uploads\/2022\/03\/huile-avocat-pour-cheveux-728x386.jpg 728w, https:\/\/myla-bella.com\/wp-content\/uploads\/2022\/03\/huile-avocat-pour-cheveux-1200x637.jpg 1200w, https:\/\/myla-bella.com\/wp-content\/uploads\/2022\/03\/huile-avocat-pour-cheveux-300x159.jpg 300w, https:\/\/myla-bella.com\/wp-content\/uploads\/2022\/03\/huile-avocat-pour-cheveux-1024x543.jpg 1024w, https:\/\/myla-bella.com\/wp-content\/uploads\/2022\/03\/huile-avocat-pour-cheveux-1536x815.jpg 1536w, https:\/\/myla-bella.com\/wp-content\/uploads\/2022\/03\/huile-avocat-pour-cheveux.jpg 1920w\" sizes=\"(max-width: 768px) 100vw, 768px\"><\/div><\/a>\n\t\t\t\t<div class=\"elementor-post__text\">\n\t\t\t\t<div class=\"elementor-post__title\">\n\t\t\t<a href=\"https:\/\/myla-bella.com\/es\/aceite-de-aguacate-para-el-cabello\">\n\t\t\t\tAceite de aguacate para el cabello\t\t\t<\/a>\n\t\t<\/div>\n\t\t\t\t<\/div>\n\t\t\t\t\t<\/div>\n\t\t<\/article>\n\t\t\t\t<article class=\"elementor-post elementor-grid-item post-36908 post type-post status-publish format-standard has-post-thumbnail hentry category-nuestros-ingredientes-naturales generate-columns tablet-grid-50 mobile-grid-100 grid-parent grid-50 no-featured-image-padding\" role=\"listitem\">\n\t\t\t<div class=\"elementor-post__card\">\n\t\t\t\t<a class=\"elementor-post__thumbnail__link\" href=\"https:\/\/myla-bella.com\/es\/beneficios-del-aceite-de-moringa-para-el-cabello\" tabindex=\"-1\"><div class=\"elementor-post__thumbnail\"><img loading=\"lazy\" decoding=\"async\" width=\"768\" height=\"512\" src=\"https:\/\/myla-bella.com\/wp-content\/uploads\/2022\/03\/arbre-de-moringa-768x512.jpg\" class=\"attachment-medium_large size-medium_large wp-image-33290\" alt=\"\" srcset=\"https:\/\/myla-bella.com\/wp-content\/uploads\/2022\/03\/arbre-de-moringa-768x512.jpg 768w, https:\/\/myla-bella.com\/wp-content\/uploads\/2022\/03\/arbre-de-moringa-728x485.jpg 728w, https:\/\/myla-bella.com\/wp-content\/uploads\/2022\/03\/arbre-de-moringa-1200x800.jpg 1200w, https:\/\/myla-bella.com\/wp-content\/uploads\/2022\/03\/arbre-de-moringa-300x200.jpg 300w, https:\/\/myla-bella.com\/wp-content\/uploads\/2022\/03\/arbre-de-moringa-1024x683.jpg 1024w, https:\/\/myla-bella.com\/wp-content\/uploads\/2022\/03\/arbre-de-moringa-1536x1024.jpg 1536w, https:\/\/myla-bella.com\/wp-content\/uploads\/2022\/03\/arbre-de-moringa.jpg 1920w\" sizes=\"(max-width: 768px) 100vw, 768px\"><\/div><\/a>\n\t\t\t\t<div class=\"elementor-post__text\">\n\t\t\t\t<div class=\"elementor-post__title\">\n\t\t\t<a href=\"https:\/\/myla-bella.com\/es\/beneficios-del-aceite-de-moringa-para-el-cabello\">\n\t\t\t\tBeneficios del aceite de moringa para el cabello\t\t\t<\/a>\n\t\t<\/div>\n\t\t\t\t<\/div>\n\t\t\t\t\t<\/div>\n\t\t<\/article>\n\t\t\t\t<article class=\"elementor-post elementor-grid-item post-37133 post type-post status-publish format-standard has-post-thumbnail hentry category-enciclopedia-del-cabello generate-columns tablet-grid-50 mobile-grid-100 grid-parent grid-50 no-featured-image-padding\" role=\"listitem\">\n\t\t\t<div class=\"elementor-post__card\">\n\t\t\t\t<a class=\"elementor-post__thumbnail__link\" href=\"https:\/\/myla-bella.com\/es\/piojos-en-las-extensiones-de-pestanas-artificiales\" tabindex=\"-1\"><div class=\"elementor-post__thumbnail\"><img loading=\"lazy\" decoding=\"async\" width=\"768\" height=\"432\" src=\"https:\/\/myla-bella.com\/wp-content\/uploads\/2022\/04\/Poux-sur-les-extensions-de-cils-artificielles-768x432.jpg\" class=\"attachment-medium_large size-medium_large wp-image-34336\" alt=\"\" srcset=\"https:\/\/myla-bella.com\/wp-content\/uploads\/2022\/04\/Poux-sur-les-extensions-de-cils-artificielles-768x432.jpg 768w, https:\/\/myla-bella.com\/wp-content\/uploads\/2022\/04\/Poux-sur-les-extensions-de-cils-artificielles-300x169.jpg 300w, https:\/\/myla-bella.com\/wp-content\/uploads\/2022\/04\/Poux-sur-les-extensions-de-cils-artificielles-1024x577.jpg 1024w, https:\/\/myla-bella.com\/wp-content\/uploads\/2022\/04\/Poux-sur-les-extensions-de-cils-artificielles-1536x865.jpg 1536w, https:\/\/myla-bella.com\/wp-content\/uploads\/2022\/04\/Poux-sur-les-extensions-de-cils-artificielles-728x410.jpg 728w, https:\/\/myla-bella.com\/wp-content\/uploads\/2022\/04\/Poux-sur-les-extensions-de-cils-artificielles-1200x676.jpg 1200w, https:\/\/myla-bella.com\/wp-content\/uploads\/2022\/04\/Poux-sur-les-extensions-de-cils-artificielles.jpg 1920w\" sizes=\"(max-width: 768px) 100vw, 768px\"><\/div><\/a>\n\t\t\t\t<div class=\"elementor-post__text\">\n\t\t\t\t<div class=\"elementor-post__title\">\n\t\t\t<a href=\"https:\/\/myla-bella.com\/es\/piojos-en-las-extensiones-de-pestanas-artificiales\">\n\t\t\t\tPiojos en las extensiones de pesta\u00f1as artificiales\t\t\t<\/a>\n\t\t<\/div>\n\t\t\t\t<\/div>\n\t\t\t\t\t<\/div>\n\t\t<\/article>\n\t\t\t\t<article class=\"elementor-post elementor-grid-item post-36852 post type-post status-publish format-standard has-post-thumbnail hentry category-cuidado-corporal generate-columns tablet-grid-50 mobile-grid-100 grid-parent grid-50 no-featured-image-padding\" role=\"listitem\">\n\t\t\t<div class=\"elementor-post__card\">\n\t\t\t\t<a class=\"elementor-post__thumbnail__link\" href=\"https:\/\/myla-bella.com\/es\/cabello-seco-frente-a-cabello-danado\" tabindex=\"-1\"><div class=\"elementor-post__thumbnail\"><img loading=\"lazy\" decoding=\"async\" width=\"768\" height=\"512\" src=\"https:\/\/myla-bella.com\/wp-content\/uploads\/2022\/03\/Comment-reparer-des-cheveuxchimiquement-abimes-768x512.jpg\" class=\"attachment-medium_large size-medium_large wp-image-33566\" alt=\"\" srcset=\"https:\/\/myla-bella.com\/wp-content\/uploads\/2022\/03\/Comment-reparer-des-cheveuxchimiquement-abimes-768x512.jpg 768w, https:\/\/myla-bella.com\/wp-content\/uploads\/2022\/03\/Comment-reparer-des-cheveuxchimiquement-abimes-728x485.jpg 728w, https:\/\/myla-bella.com\/wp-content\/uploads\/2022\/03\/Comment-reparer-des-cheveuxchimiquement-abimes-1200x800.jpg 1200w, https:\/\/myla-bella.com\/wp-content\/uploads\/2022\/03\/Comment-reparer-des-cheveuxchimiquement-abimes-300x200.jpg 300w, https:\/\/myla-bella.com\/wp-content\/uploads\/2022\/03\/Comment-reparer-des-cheveuxchimiquement-abimes-1024x683.jpg 1024w, https:\/\/myla-bella.com\/wp-content\/uploads\/2022\/03\/Comment-reparer-des-cheveuxchimiquement-abimes-1536x1024.jpg 1536w, https:\/\/myla-bella.com\/wp-content\/uploads\/2022\/03\/Comment-reparer-des-cheveuxchimiquement-abimes.jpg 1920w\" sizes=\"(max-width: 768px) 100vw, 768px\"><\/div><\/a>\n\t\t\t\t<div class=\"elementor-post__text\">\n\t\t\t\t<div class=\"elementor-post__title\">\n\t\t\t<a href=\"https:\/\/myla-bella.com\/es\/cabello-seco-frente-a-cabello-danado\">\n\t\t\t\tCabello seco frente a cabello da\u00f1ado\t\t\t<\/a>\n\t\t<\/div>\n\t\t\t\t<\/div>\n\t\t\t\t\t<\/div>\n\t\t<\/article>\n\t\t\t\t<article class=\"elementor-post elementor-grid-item post-36890 post type-post status-publish format-standard has-post-thumbnail hentry category-nuestros-ingredientes-naturales generate-columns tablet-grid-50 mobile-grid-100 grid-parent grid-50 no-featured-image-padding\" role=\"listitem\">\n\t\t\t<div class=\"elementor-post__card\">\n\t\t\t\t<a class=\"elementor-post__thumbnail__link\" href=\"https:\/\/myla-bella.com\/es\/glicerina-para-el-cabello-que-hace\" tabindex=\"-1\"><div class=\"elementor-post__thumbnail\"><img loading=\"lazy\" decoding=\"async\" width=\"768\" height=\"432\" src=\"https:\/\/myla-bella.com\/wp-content\/uploads\/2022\/03\/Glycerine-pour-les-cheveux-Quels-sont-les-effets-768x432.jpg\" class=\"attachment-medium_large size-medium_large wp-image-33444\" alt=\"\" srcset=\"https:\/\/myla-bella.com\/wp-content\/uploads\/2022\/03\/Glycerine-pour-les-cheveux-Quels-sont-les-effets-768x432.jpg 768w, https:\/\/myla-bella.com\/wp-content\/uploads\/2022\/03\/Glycerine-pour-les-cheveux-Quels-sont-les-effets-728x410.jpg 728w, https:\/\/myla-bella.com\/wp-content\/uploads\/2022\/03\/Glycerine-pour-les-cheveux-Quels-sont-les-effets-1200x675.jpg 1200w, https:\/\/myla-bella.com\/wp-content\/uploads\/2022\/03\/Glycerine-pour-les-cheveux-Quels-sont-les-effets-300x169.jpg 300w, https:\/\/myla-bella.com\/wp-content\/uploads\/2022\/03\/Glycerine-pour-les-cheveux-Quels-sont-les-effets-1024x576.jpg 1024w, https:\/\/myla-bella.com\/wp-content\/uploads\/2022\/03\/Glycerine-pour-les-cheveux-Quels-sont-les-effets-1536x864.jpg 1536w, https:\/\/myla-bella.com\/wp-content\/uploads\/2022\/03\/Glycerine-pour-les-cheveux-Quels-sont-les-effets.jpg 1920w\" sizes=\"(max-width: 768px) 100vw, 768px\"><\/div><\/a>\n\t\t\t\t<div class=\"elementor-post__text\">\n\t\t\t\t<div class=\"elementor-post__title\">\n\t\t\t<a href=\"https:\/\/myla-bella.com\/es\/glicerina-para-el-cabello-que-hace\">\n\t\t\t\tGlicerina para el cabello: \u00bfQu\u00e9 hace?\t\t\t<\/a>\n\t\t<\/div>\n\t\t\t\t<\/div>\n\t\t\t\t\t<\/div>\n\t\t<\/article>\n\t\t\t\t<\/div>\n\t\t\n\t\t\t\t\t\t<\/div>\n\t\t\t\t<\/div>\n\t\t\t\t<div class=\"elementor-element elementor-element-23292e6c elementor-widget elementor-widget-spacer\" data-id=\"23292e6c\" data-element_type=\"widget\" data-e-type=\"widget\" data-widget_type=\"spacer.default\">\n\t\t\t\t<div class=\"elementor-widget-container\">\n\t\t\t\t\t\t\t<div class=\"elementor-spacer\">\n\t\t\t<div class=\"elementor-spacer-inner\"><\/div>\n\t\t<\/div>\n\t\t\t\t\t\t<\/div>\n\t\t\t\t<\/div>\n\t\t\t\t\t<\/div>\n\t\t<\/div>\n\t\t\t\t\t<\/div>\n\t\t<\/section>\n\t\t\t\t<\/div>\n\t\t<\/div>\n\t\t\t\t\t\t<\/div>\n\t\t\t\t<\/div>\n\t\t\t\t\t<\/div>\n\t\t<\/div>\n\t\t\t\t\t<\/div>\n\t\t<\/section>\n\t\t\t\t<section class=\"elementor-section elementor-top-section elementor-element elementor-element-778c161 elementor-section-boxed elementor-section-height-default elementor-section-height-default\" data-id=\"778c161\" data-element_type=\"section\" data-e-type=\"section\" data-settings=\"{&quot;background_background&quot;:&quot;classic&quot;}\">\n\t\t\t\t\t\t<div class=\"elementor-container elementor-column-gap-default\">\n\t\t\t\t\t<div class=\"elementor-column elementor-col-100 elementor-top-column elementor-element elementor-element-26891057\" data-id=\"26891057\" data-element_type=\"column\" data-e-type=\"column\">\n\t\t\t<div class=\"elementor-widget-wrap elementor-element-populated\">\n\t\t\t\t\t\t<div class=\"elementor-element elementor-element-192e941b elementor-widget elementor-widget-html\" data-id=\"192e941b\" data-element_type=\"widget\" data-e-type=\"widget\" data-widget_type=\"html.default\">\n\t\t\t\t<div class=\"elementor-widget-container\">\n\t\t\t\t\t<body leftmargin=\"0\" topmargin=\"0\" marginwidth=\"0\" marginheight=\"0\"scroll=\"no\" oncontextmenu=\"return false\" ondragstart=\"return false\" onselectstart=\"return false\">\t\t\t\t<\/div>\n\t\t\t\t<\/div>\n\t\t\t\t\t<\/div>\n\t\t<\/div>\n\t\t\t\t\t<\/div>\n\t\t<\/section>\n\t\t\t\t<\/div>\n\t\t","protected":false},"excerpt":{"rendered":"<p>Tiempo de lectura 0 minutos Cada vez m\u00e1s clientes nos dicen que tienen el pelo quemado. \u00bfSabes por qu\u00e9? En la mayor\u00eda de los casos, el pelo quemado se debe a un cuidado inadecuado, al uso de productos cosm\u00e9ticos demasiado irritantes, a un peinado con calor inadecuado o a una oxidaci\u00f3n demasiado frecuente. Puedes reconocer<\/p>\n","protected":false},"author":2,"featured_media":33544,"comment_status":"closed","ping_status":"closed","sticky":false,"template":"elementor_header_footer","format":"standard","meta":{"footnotes":""},"categories":[73],"tags":[],"class_list":["post-37025","post","type-post","status-publish","format-standard","has-post-thumbnail","hentry","category-cuidado-corporal","generate-columns","tablet-grid-50","mobile-grid-100","grid-parent","grid-50","no-featured-image-padding"],"_links":{"self":[{"href":"https:\/\/myla-bella.com\/es\/wp-json\/wp\/v2\/posts\/37025","targetHints":{"allow":["GET"]}}],"collection":[{"href":"https:\/\/myla-bella.com\/es\/wp-json\/wp\/v2\/posts"}],"about":[{"href":"https:\/\/myla-bella.com\/es\/wp-json\/wp\/v2\/types\/post"}],"author":[{"embeddable":true,"href":"https:\/\/myla-bella.com\/es\/wp-json\/wp\/v2\/users\/2"}],"replies":[{"embeddable":true,"href":"https:\/\/myla-bella.com\/es\/wp-json\/wp\/v2\/comments?post=37025"}],"version-history":[{"count":0,"href":"https:\/\/myla-bella.com\/es\/wp-json\/wp\/v2\/posts\/37025\/revisions"}],"wp:featuredmedia":[{"embeddable":true,"href":"https:\/\/myla-bella.com\/es\/wp-json\/wp\/v2\/media\/33544"}],"wp:attachment":[{"href":"https:\/\/myla-bella.com\/es\/wp-json\/wp\/v2\/media?parent=37025"}],"wp:term":[{"taxonomy":"category","embeddable":true,"href":"https:\/\/myla-bella.com\/es\/wp-json\/wp\/v2\/categories?post=37025"},{"taxonomy":"post_tag","embeddable":true,"href":"https:\/\/myla-bella.com\/es\/wp-json\/wp\/v2\/tags?post=37025"}],"curies":[{"name":"wp","href":"https:\/\/api.w.org\/{rel}","templated":true}]}}